{"id":1850,"date":"2022-02-10T15:56:23","date_gmt":"2022-02-10T13:56:23","guid":{"rendered":"https:\/\/meditacoes-da-graca.com\/?p=1850"},"modified":"2022-02-10T15:56:23","modified_gmt":"2022-02-10T13:56:23","slug":"fica-de-guarda-a-porta-da-presenca-divina","status":"publish","type":"post","link":"https:\/\/meditacoes-da-graca.com\/index.php\/2022\/02\/10\/fica-de-guarda-a-porta-da-presenca-divina\/","title":{"rendered":"FICA DE GUARDA  \u00c0 PORTA DA &#8216;PRESEN\u00c7A DIVINA&#8230;&#8217;"},"content":{"rendered":"<p>[et_pb_section fb_built=&#8221;1&#8243; fullwidth=&#8221;on&#8221; _builder_version=&#8221;3.22&#8243; custom_padding=&#8221;0px|||&#8221;][et_pb_fullwidth_image src=&#8221;http:\/\/meditacoes-da-graca.com\/wp-content\/uploads\/2017\/09\/Header-Image-new-9.jpg&#8221; _builder_version=&#8221;3.0.87&#8243; custom_margin=&#8221;0px||0px|&#8221; animation=&#8221;off&#8221; border_style=&#8221;solid&#8221; global_module=&#8221;328&#8243; saved_tabs=&#8221;all&#8221;][\/et_pb_fullwidth_image][\/et_pb_section][et_pb_section fb_built=&#8221;1&#8243; _builder_version=&#8221;3.22&#8243; custom_padding=&#8221;0px|||&#8221;][et_pb_row make_equal=&#8221;on&#8221; module_class=&#8221; et_pb_row_fullwidth&#8221; _builder_version=&#8221;3.25&#8243; width=&#8221;94%&#8221; width_tablet=&#8221;80%&#8221; width_last_edited=&#8221;on|desktop&#8221; max_width=&#8221;94%&#8221; max_width_tablet=&#8221;80%&#8221; max_width_last_edited=&#8221;on|desktop&#8221; make_fullwidth=&#8221;on&#8221;][et_pb_column type=&#8221;4_4&#8243; _builder_version=&#8221;3.25&#8243; background_position=&#8221;top_left&#8221; custom_padding=&#8221;|||&#8221; custom_padding__hover=&#8221;|||&#8221;][et_pb_text _builder_version=&#8221;3.27.4&#8243; border_style=&#8221;solid&#8221;]<\/p>\n<p>&nbsp;<\/p>\n<p style=\"text-align: center;\"><span style=\"font-size: large;\"><strong>FICA DE GUARDA \u00a0\u00c0 PORTA DA PRESEN\u00c7A DIVINA&#8230;<\/strong><\/span><\/p>\n<p>&nbsp;<\/p>\n<p>&nbsp;<\/p>\n<p style=\"text-align: center;\"><span style=\"font-size: large;\"><em>\u201cObede-edom hospedou a arca do Senhor em sua casa<\/em><\/span><\/p>\n<p style=\"text-align: center;\"><span style=\"font-size: large;\"><em>que era a Presen\u00e7a de Deus,<br \/>mesmo ap\u00f3s um acontecimento tr\u00e1gico que muitos temeram&#8230;<\/em><\/span><\/p>\n<p style=\"text-align: center;\"><span style=\"font-size: large;\"><strong><em>O resultado foi de grande ben\u00e7\u00e3o de Deus sobre<br \/><\/em><\/strong><em>a casa de Obede-edom, seus filhos e tudo o que tinha.<\/em><\/span><\/p>\n<p style=\"text-align: center;\"><span style=\"font-size: large;\"><em>\u00a0<\/em><\/span><\/p>\n<p style=\"text-align: center;\"><span style=\"font-size: large;\"><em>Esta ben\u00e7\u00e3o de Deus permaneceu por v\u00e1rias gera\u00e7\u00f5es de Obede-edom:<\/em><\/span><\/p>\n<p style=\"text-align: center;\"><span style=\"font-size: large;\"><strong><em>Deus o aben\u00e7oou com oito filhos, <\/em><\/strong><\/span><\/p>\n<p style=\"text-align: center;\"><span style=\"font-size: large;\"><strong><em>e todos estes eram guardas da porta da arca do Senhor,<\/em><\/strong><\/span><\/p>\n<p style=\"text-align: center;\"><span style=\"font-size: large;\"><em>e onde a Presen\u00e7a do Senhor habitava!\u00a0 \u00a0(1 Cr\u00f3nicas 26:4,5)<\/em><\/span><\/p>\n<p style=\"text-align: center;\"><span style=\"font-size: large;\"><em>\u00a0<\/em><\/span><\/p>\n<p style=\"text-align: center;\"><span style=\"font-size: large;\"><em>Esta ben\u00e7\u00e3o de Deus abrangeu seus filhos e seus parentes<\/em><\/span><\/p>\n<p style=\"text-align: center;\"><span style=\"font-size: large;\"><em>\u201c62 ao todo, foram homens muito capazes <br \/>e aptos para seu trabalho\u201d (1 Cr\u00f3nicas 26:8)<\/em><\/span><\/p>\n<p style=\"text-align: center;\"><span style=\"font-size: large;\"><strong><em>Que maior ben\u00e7\u00e3o de Deus que se pode ter al\u00e9m desta?\u201d<\/em><\/strong><\/span><\/p>\n<p style=\"text-align: center;\"><span style=\"font-size: large;\">\u00a0<\/span><\/p>\n<p style=\"text-align: center;\"><span style=\"font-size: large;\">Quando escolhes conter em tua vida, em tua casa,<\/span><br \/><span style=\"font-size: large;\">a Presen\u00e7a Divina, que foi conseguida atrav\u00e9s de Jesus Cristo,<\/span><\/p>\n<p style=\"text-align: center;\"><span style=\"font-size: large;\"><strong>quando o Esp\u00edrito Santo faz morada em ti, em teu lar,<\/strong><\/span><\/p>\n<p style=\"text-align: center;\"><span style=\"font-size: large;\">ver\u00e1s a ben\u00e7\u00e3o de Deus sobre ti e teus descendentes.<\/span><\/p>\n<p style=\"text-align: center;\"><span style=\"font-size: large;\">\u00a0<\/span><\/p>\n<p style=\"text-align: center;\"><span style=\"font-size: large;\"><strong>Faz tambem de\u00a0 \u201cguarda \u00e0 porta da Presen\u00e7a Divina\u201d<br \/>em tua vida, em tua casa, <\/strong><\/span><\/p>\n<p style=\"text-align: center;\"><span style=\"font-size: large;\">n\u00e3o permitas que os cuidados e afazeres da vida, trag\u00e9dias, obst\u00e1culos,<\/span><br \/><span style=\"font-size: large;\">te impe\u00e7am de passares tempo a s\u00f3s com Deus,<\/span><br \/><span style=\"font-size: large;\">meditando na Sua Palavra, em comunh\u00e3o com o Seu Santo Esp\u00edrito!<\/span><\/p>\n<p style=\"text-align: center;\"><span style=\"font-size: large;\">\u00a0<\/span><\/p>\n<p style=\"text-align: center;\"><span style=\"font-size: large;\"><em>\u201cSaul desprezou a arca do Senhor e n\u00e3o recebeu a ben\u00e7\u00e3o do Senhor.<\/em><\/span><\/p>\n<p style=\"text-align: center;\"><span style=\"font-size: large;\"><em>Davi trouxe a arca do Senhor para a sua cidade<\/em><\/span><\/p>\n<p style=\"text-align: center;\"><span style=\"font-size: large;\"><em>Com canticos e louvores a Deus com grande alegria<\/em><\/span><\/p>\n<p style=\"text-align: center;\"><span style=\"font-size: large;\"><strong><em>e Deus o aben\u00e7oou, aos seus filhos&#8230; e estabeleceu o seu trono\u201d.<\/em><\/strong><\/span><\/p>\n<p style=\"text-align: center;\"><span style=\"font-size: large;\"><em>\u00a0<\/em><\/span><\/p>\n<p style=\"text-align: center;\"><span style=\"font-size: large;\">Coloca a Deus <strong>em primeiro lugar em tua vida<\/strong>, em tua casa<\/span><br \/><span style=\"font-size: large;\">e ver\u00e1s a ben\u00e7\u00e3o de Deus sobre ti, teus filhos e tudo o que tens!<\/span><\/p>\n<p style=\"text-align: center;\"><span style=\"font-size: large;\">\u00a0<\/span><\/p>\n<p style=\"text-align: center;\"><span style=\"font-size: large; color: #0c71c3;\">Guarde como um tesouro aquilo que lhe foi confiado, <\/span><br \/><span style=\"font-size: large; color: #0c71c3;\">por meio do Esp\u00edrito Santo que habita em n\u00f3s.<\/span><\/p>\n<p style=\"text-align: center;\"><span style=\"font-size: large; color: #0c71c3;\">2 Tim\u00f3teo 1:14 VFL<\/span><\/p>\n<p style=\"text-align: center;\"><span style=\"font-size: large;\"><strong>\u00a0<\/strong><\/span><\/p>\n<p style=\"text-align: center;\"><span style=\"color: #e09900;\"><span style=\"font-size: large;\">Ora\u00e7\u00e3o:<em> Qu\u00e3o maravilhosa \u00e9 a tua presen\u00e7a Senhor meu Deus em mim! Presen\u00e7a esta que me conforta, aben\u00e7ou-a, fortalece, me satisfaz! Obrigado meu Senhor, obrigado! Obrigado!<\/em><\/span><span style=\"font-size: large;\"><em>\u00a0<\/em><\/span><\/span><\/p>\n<p style=\"text-align: center;\"><span style=\"font-size: large;\"><em>\u00a0<\/em><\/span><\/p>\n<p style=\"text-align: center;\"><span style=\"font-size: large;\">Visita o instagram:<strong> meditacoes_da_graca\u00a0 <\/strong><\/span><\/p>\n<p style=\"text-align: center;\"><span style=\"font-size: large;\"><strong>Visita o facebook :\u00a0 Medita\u00e7oes_da_Gra\u00e7a<\/strong><\/span><\/p>\n<p style=\"text-align: center;\"><span style=\"font-size: large;\">\u00a0<\/span><\/p>\n<p style=\"text-align: center;\"><span style=\"font-size: large;\">Visita o MEDITA BLOG\u00a0 AQUI&#8230; <a href=\"http:\/\/meditacoes-da-graca.com\">http:\/\/meditacoes-da-graca.com<\/a><\/span><\/p>\n<p style=\"text-align: center;\"><span style=\"font-size: large;\">Am\u00e9lia e Ant\u00f3nio Moinheiro \u2013 Medita\u00e7\u00f5es da Gra\u00e7a de Deus<\/span><\/p>\n<p>[\/et_pb_text][\/et_pb_column][\/et_pb_row][\/et_pb_section]<\/p>\n","protected":false},"excerpt":{"rendered":"<p>&nbsp; FICA DE GUARDA \u00a0\u00c0 PORTA DA PRESEN\u00c7A DIVINA&#8230; &nbsp; &nbsp; \u201cObede-edom hospedou a arca do Senhor em sua casa que era a Presen\u00e7a de Deus,mesmo ap\u00f3s um acontecimento tr\u00e1gico que muitos temeram&#8230; O resultado foi de grande ben\u00e7\u00e3o de Deus sobrea casa de Obede-edom, seus filhos e tudo o que tinha. \u00a0 Esta ben\u00e7\u00e3o [&hellip;]<\/p>\n","protected":false},"author":4,"featured_media":0,"comment_status":"closed","ping_status":"closed","sticky":false,"template":"","format":"standard","meta":{"_et_pb_use_builder":"on","_et_pb_old_content":"","_et_gb_content_width":"","footnotes":""},"categories":[33,30],"tags":[],"class_list":["post-1850","post","type-post","status-publish","format-standard","hentry","category-a-graca-de-deus","category-o-espirito-santo-e-a-uncao"],"_links":{"self":[{"href":"https:\/\/meditacoes-da-graca.com\/index.php\/wp-json\/wp\/v2\/posts\/1850","targetHints":{"allow":["GET"]}}],"collection":[{"href":"https:\/\/meditacoes-da-graca.com\/index.php\/wp-json\/wp\/v2\/posts"}],"about":[{"href":"https:\/\/meditacoes-da-graca.com\/index.php\/wp-json\/wp\/v2\/types\/post"}],"author":[{"embeddable":true,"href":"https:\/\/meditacoes-da-graca.com\/index.php\/wp-json\/wp\/v2\/users\/4"}],"replies":[{"embeddable":true,"href":"https:\/\/meditacoes-da-graca.com\/index.php\/wp-json\/wp\/v2\/comments?post=1850"}],"version-history":[{"count":2,"href":"https:\/\/meditacoes-da-graca.com\/index.php\/wp-json\/wp\/v2\/posts\/1850\/revisions"}],"predecessor-version":[{"id":1853,"href":"https:\/\/meditacoes-da-graca.com\/index.php\/wp-json\/wp\/v2\/posts\/1850\/revisions\/1853"}],"wp:attachment":[{"href":"https:\/\/meditacoes-da-graca.com\/index.php\/wp-json\/wp\/v2\/media?parent=1850"}],"wp:term":[{"taxonomy":"category","embeddable":true,"href":"https:\/\/meditacoes-da-graca.com\/index.php\/wp-json\/wp\/v2\/categories?post=1850"},{"taxonomy":"post_tag","embeddable":true,"href":"https:\/\/meditacoes-da-graca.com\/index.php\/wp-json\/wp\/v2\/tags?post=1850"}],"curies":[{"name":"wp","href":"https:\/\/api.w.org\/{rel}","templated":true}]}}