{"id":1839,"date":"2021-12-08T20:50:08","date_gmt":"2021-12-08T18:50:08","guid":{"rendered":"http:\/\/meditacoes-da-graca.com\/?p=1839"},"modified":"2021-12-08T20:50:08","modified_gmt":"2021-12-08T18:50:08","slug":"o-principio-e-o-fim","status":"publish","type":"post","link":"https:\/\/meditacoes-da-graca.com\/index.php\/2021\/12\/08\/o-principio-e-o-fim\/","title":{"rendered":"O PRINC\u00cdPIO E O FIM&#8230;"},"content":{"rendered":"<p>[et_pb_section fb_built=&#8221;1&#8243; fullwidth=&#8221;on&#8221; _builder_version=&#8221;3.22&#8243; custom_padding=&#8221;0px|||&#8221;][et_pb_fullwidth_image src=&#8221;http:\/\/meditacoes-da-graca.com\/wp-content\/uploads\/2017\/09\/Header-Image-new-9.jpg&#8221; _builder_version=&#8221;3.0.87&#8243; custom_margin=&#8221;0px||0px|&#8221; animation=&#8221;off&#8221; border_style=&#8221;solid&#8221; global_module=&#8221;328&#8243; saved_tabs=&#8221;all&#8221;][\/et_pb_fullwidth_image][\/et_pb_section][et_pb_section fb_built=&#8221;1&#8243; _builder_version=&#8221;3.22&#8243; custom_padding=&#8221;0px|||&#8221;][et_pb_row make_equal=&#8221;on&#8221; module_class=&#8221; et_pb_row_fullwidth&#8221; _builder_version=&#8221;3.25&#8243; width_tablet=&#8221;80%&#8221; width_last_edited=&#8221;on|desktop&#8221; max_width=&#8221;98.8%&#8221; max_width_tablet=&#8221;80%&#8221; max_width_last_edited=&#8221;on|desktop&#8221; make_fullwidth=&#8221;on&#8221;][et_pb_column type=&#8221;4_4&#8243; _builder_version=&#8221;3.25&#8243; background_position=&#8221;top_left&#8221; custom_padding=&#8221;|||&#8221; custom_padding__hover=&#8221;|||&#8221;][et_pb_text _builder_version=&#8221;3.27.4&#8243; border_style=&#8221;solid&#8221;]<\/p>\n<p>&nbsp;<\/p>\n<p style=\"text-align: center;\"><span style=\"font-size: x-large;\">\u00a0<strong>O Princ\u00edpio e o Fim&#8230;<\/strong><\/span><\/p>\n<p><span>\u00a0<\/span><\/p>\n<p><span>\u00a0<\/span><\/p>\n<p><span style=\"font-size: medium;\">Por muito bem que possas planear e fazer os teus planos, estes tanto podem resultar como planeaste ou n\u00e3o se realizarem por todo. Deus \u00e9 o Alfa e o Omega, conhece o princ\u00edpio e o fim! Ele n\u00e3o se surpreende com a \u00d3micron, a Delta, \u00a0ou com qualquer outra que seja a letra do alfabeto grego.<\/span><\/p>\n<p><span style=\"font-size: medium;\"><\/span><\/p>\n<p><span style=\"font-size: medium;\">\u00a0<\/span><\/p>\n<p style=\"text-align: center;\"><span style=\"color: #0c71c3; font-size: medium;\">Desde o in\u00edcio fa\u00e7o conhecido o fim,<\/span><br \/><span style=\"color: #0c71c3; font-size: medium;\">desde tempos remotos,o que ainda vir\u00e1.<\/span><br \/><span style=\"color: #0c71c3; font-size: medium;\"><strong>Digo: Meu prop\u00f3sito permanecer\u00e1 em p\u00e9,<\/strong><\/span><br \/><span style=\"font-size: medium;\"><span style=\"color: #0c71c3;\">e farei tudo o que me agrada.<br \/>Isa\u00edas 46:10 NVI<\/span><\/span><\/p>\n<p style=\"text-align: center;\">\n<p style=\"text-align: center;\"><span style=\"font-size: medium;\"><strong>Sabe que os planos que Deus tem para ti<\/strong><br \/>\u00a0est\u00e3o firmes para sempre e n\u00e3o se alteram,<br \/>quer para ti quer para as tuas gera\u00e7\u00f5es&#8230;<br \/>daqueles que amam ao Senhor.<\/span><\/p>\n<p style=\"text-align: center;\"><span style=\"color: #0c71c3; font-size: medium;\">\u00a0<\/span><\/p>\n<p style=\"text-align: center;\"><span style=\"color: #0c71c3; font-size: medium;\"><strong>Mas os planos do\u00a0<\/strong><strong>Senhor<\/strong><strong><br \/><\/strong><strong>\u00a0\u00a0\u00a0\u00a0<\/strong><strong>permanecem para sempre<\/strong>,<\/span><br \/><span style=\"color: #0c71c3; font-size: medium;\">os prop\u00f3sitos do seu cora\u00e7\u00e3o,<\/span><br \/><span style=\"color: #0c71c3; font-size: medium;\">\u00a0\u00a0\u00a0\u00a0<strong>por todas as gera\u00e7\u00f5es.<\/strong><br \/>Salmo 33:11 NVI<\/span><\/p>\n<p><span style=\"font-size: medium;\">\u00a0<\/span><\/p>\n<p style=\"text-align: center;\"><span style=\"color: #0c71c3; font-size: medium;\"><strong>Todos os meus planos se cumprir\u00e3o.<\/strong><\/span><br \/><span style=\"color: #0c71c3; font-size: medium;\">Isa\u00edas 46:10b NVT<\/span><\/p>\n<p><span style=\"font-size: medium;\">\u00a0<\/span><\/p>\n<p style=\"text-align: center;\"><span style=\"color: #0c71c3; font-size: medium;\">Pois esse \u00e9 o prop\u00f3sito<\/span><br \/><span style=\"color: #0c71c3; font-size: medium;\">\u00a0\u00a0\u00a0\u00a0do\u00a0Senhor\u00a0dos Ex\u00e9rcitos;<\/span><br \/><span style=\"color: #0c71c3; font-size: medium;\">quem pode impedi-lo?<\/span><br \/><span style=\"color: #0c71c3; font-size: medium;\">\u00a0\u00a0\u00a0\u00a0<strong>Sua m\u00e3o est\u00e1 estendida;<\/strong><strong><br \/>quem pode faz\u00ea-la recuar?<\/strong><br \/>Isa\u00edas 14:27 NVI<\/span><\/p>\n<p style=\"text-align: center;\"><span style=\"color: #0c71c3; font-size: medium;\">\u00a0<\/span><\/p>\n<p style=\"text-align: center;\"><span style=\"color: #0c71c3; font-size: medium;\"><sup>\u00a0<\/sup>Para que a f\u00e9 que voc\u00eas t\u00eam <\/span><br \/><span style=\"color: #0c71c3; font-size: medium;\">n\u00e3o se baseasse na sabedoria humana, <\/span><br \/><span style=\"color: #0c71c3; font-size: medium;\"><strong>mas no poder de Deus.<\/strong><\/span><\/p>\n<p style=\"text-align: center;\"><span style=\"color: #0c71c3; font-size: medium;\">1 Cor\u00edntios 2:5 NVI<\/span><\/p>\n<p style=\"text-align: center;\"><span style=\"color: #0c71c3; font-size: medium;\">\u00a0<\/span><\/p>\n<p style=\"text-align: center;\"><span style=\"color: #0c71c3; font-size: medium;\">Entrega o teu caminho ao\u00a0Senhor; <\/span><br \/><span style=\"color: #0c71c3; font-size: medium;\">confia nele, e ele tudo far\u00e1.<\/span><br \/><span style=\"color: #0c71c3; font-size: medium;\">Salmo 37:5 ARC<\/span><\/p>\n<p><span style=\"font-size: medium;\">\u00a0<\/span><\/p>\n<p><span style=\"font-size: medium;\">Medita nas escrituras acima, permite que o Esp\u00edrito Santo de Deus te ministre, ouve aquilo que Ele quer te dizer, fala com Ele.\u00a0 \u00c9 Deus quem estabelece os teus planos e guia os teus passos! Coloca toda a tua confian\u00e7a n\u2019Ele! Depende do poder de Deus!<\/span><\/p>\n<p><span style=\"font-size: medium;\">\u00a0\u00a0<\/span><\/p>\n<p><span style=\"color: #e09900; font-size: medium;\">Ora\u00e7\u00e3o: Senhor meu Deus, eu creio que \u00e9s tu que diriges os meus passos, que vais adiante de mim preparando o caminho e que os planos que tens para mim n\u00e3o mudam! S\u00e3o planos de ben\u00e7\u00e3o, de paz e alegria. Obrigado Senhor, em nome de Jesus, Am\u00e9m!<\/span><\/p>\n<p><span style=\"font-size: medium;\"><em>\u00a0<\/em><\/span><\/p>\n<p><span style=\"font-size: medium;\"><em>\u00a0<\/em><\/span><\/p>\n<p style=\"text-align: center;\"><span style=\"font-size: medium;\">Visita o instagram:<strong> meditacoes_da_graca\u00a0 <\/strong><\/span><\/p>\n<p style=\"text-align: center;\"><span style=\"font-size: medium;\"><strong>Visita o facebook :\u00a0 Medita\u00e7oes_da_Gra\u00e7a<\/strong><\/span><\/p>\n<p style=\"text-align: center;\"><span style=\"font-size: medium;\">Visita o MEDITA BLOG\u00a0 AQUI&#8230; <a href=\"http:\/\/meditacoes-da-graca.com\">http:\/\/meditacoes-da-graca.com<\/a><\/span><\/p>\n<p style=\"text-align: center;\"><span style=\"font-size: medium;\">Am\u00e9lia e Ant\u00f3nio Moinheiro \u2013 Medita\u00e7\u00f5es da Gra\u00e7a de Deus<\/span><\/p>\n<p>[\/et_pb_text][\/et_pb_column][\/et_pb_row][\/et_pb_section]<\/p>\n","protected":false},"excerpt":{"rendered":"<p>&nbsp; \u00a0O Princ\u00edpio e o Fim&#8230; \u00a0 \u00a0 Por muito bem que possas planear e fazer os teus planos, estes tanto podem resultar como planeaste ou n\u00e3o se realizarem por todo. Deus \u00e9 o Alfa e o Omega, conhece o princ\u00edpio e o fim! Ele n\u00e3o se surpreende com a \u00d3micron, a Delta, \u00a0ou com [&hellip;]<\/p>\n","protected":false},"author":4,"featured_media":0,"comment_status":"closed","ping_status":"closed","sticky":false,"template":"","format":"standard","meta":{"_et_pb_use_builder":"on","_et_pb_old_content":"","_et_gb_content_width":"","footnotes":""},"categories":[33],"tags":[],"class_list":["post-1839","post","type-post","status-publish","format-standard","hentry","category-a-graca-de-deus"],"_links":{"self":[{"href":"https:\/\/meditacoes-da-graca.com\/index.php\/wp-json\/wp\/v2\/posts\/1839","targetHints":{"allow":["GET"]}}],"collection":[{"href":"https:\/\/meditacoes-da-graca.com\/index.php\/wp-json\/wp\/v2\/posts"}],"about":[{"href":"https:\/\/meditacoes-da-graca.com\/index.php\/wp-json\/wp\/v2\/types\/post"}],"author":[{"embeddable":true,"href":"https:\/\/meditacoes-da-graca.com\/index.php\/wp-json\/wp\/v2\/users\/4"}],"replies":[{"embeddable":true,"href":"https:\/\/meditacoes-da-graca.com\/index.php\/wp-json\/wp\/v2\/comments?post=1839"}],"version-history":[{"count":2,"href":"https:\/\/meditacoes-da-graca.com\/index.php\/wp-json\/wp\/v2\/posts\/1839\/revisions"}],"predecessor-version":[{"id":1842,"href":"https:\/\/meditacoes-da-graca.com\/index.php\/wp-json\/wp\/v2\/posts\/1839\/revisions\/1842"}],"wp:attachment":[{"href":"https:\/\/meditacoes-da-graca.com\/index.php\/wp-json\/wp\/v2\/media?parent=1839"}],"wp:term":[{"taxonomy":"category","embeddable":true,"href":"https:\/\/meditacoes-da-graca.com\/index.php\/wp-json\/wp\/v2\/categories?post=1839"},{"taxonomy":"post_tag","embeddable":true,"href":"https:\/\/meditacoes-da-graca.com\/index.php\/wp-json\/wp\/v2\/tags?post=1839"}],"curies":[{"name":"wp","href":"https:\/\/api.w.org\/{rel}","templated":true}]}}