{"id":1830,"date":"2021-11-26T09:29:44","date_gmt":"2021-11-26T07:29:44","guid":{"rendered":"http:\/\/meditacoes-da-graca.com\/?p=1830"},"modified":"2021-11-26T09:29:44","modified_gmt":"2021-11-26T07:29:44","slug":"o-braco-estendido-de-deus","status":"publish","type":"post","link":"https:\/\/meditacoes-da-graca.com\/index.php\/2021\/11\/26\/o-braco-estendido-de-deus\/","title":{"rendered":"O BRA\u00c7O ESTENDIDO DE DEUS&#8230;"},"content":{"rendered":"<p>[et_pb_section fb_built=&#8221;1&#8243; fullwidth=&#8221;on&#8221; _builder_version=&#8221;3.22&#8243; custom_padding=&#8221;0px|||&#8221;][et_pb_fullwidth_image src=&#8221;http:\/\/meditacoes-da-graca.com\/wp-content\/uploads\/2017\/09\/Header-Image-new-9.jpg&#8221; _builder_version=&#8221;3.0.87&#8243; custom_margin=&#8221;0px||0px|&#8221; animation=&#8221;off&#8221; border_style=&#8221;solid&#8221; global_module=&#8221;328&#8243; saved_tabs=&#8221;all&#8221;][\/et_pb_fullwidth_image][\/et_pb_section][et_pb_section fb_built=&#8221;1&#8243; _builder_version=&#8221;3.22&#8243; custom_padding=&#8221;0px|||&#8221;][et_pb_row make_equal=&#8221;on&#8221; module_class=&#8221; et_pb_row_fullwidth&#8221; _builder_version=&#8221;3.25&#8243; width=&#8221;94%&#8221; width_tablet=&#8221;80%&#8221; width_last_edited=&#8221;on|desktop&#8221; max_width=&#8221;94%&#8221; max_width_tablet=&#8221;80%&#8221; max_width_last_edited=&#8221;on|desktop&#8221; make_fullwidth=&#8221;on&#8221;][et_pb_column type=&#8221;4_4&#8243; _builder_version=&#8221;3.25&#8243; background_position=&#8221;top_left&#8221; custom_padding=&#8221;|||&#8221; custom_padding__hover=&#8221;|||&#8221;][et_pb_text _builder_version=&#8221;3.27.4&#8243; border_style=&#8221;solid&#8221;]<\/p>\n<p>&nbsp;<\/p>\n<p style=\"text-align: center;\"><strong><span style=\"font-size: large;\">O BRA\u00c7O ESTENDIDO DE DEUS&#8230;<\/span><\/strong><\/p>\n<p>&nbsp;<\/p>\n<p>&nbsp;<\/p>\n<p style=\"text-align: center;\"><span style=\"color: #0c71c3; font-size: large;\">\u201cSenhor, quem creu em nossa mensagem?<\/span><br \/><span style=\"color: #0c71c3; font-size: large;\"><strong>A quem o Senhor revelou seu bra\u00e7o forte?<\/strong>\u201d <\/span><br \/><span style=\"color: #0c71c3; font-size: large;\">Jo\u00e3o 12:38 NVT<\/span><\/p>\n<p style=\"text-align: center;\">\n<p style=\"text-align: center;\"><span style=\"font-size: large;\">J\u00e1 foi te revelado o bra\u00e7o forte do Senhor?<\/span><br \/><span style=\"font-size: large;\">Ao veres o poder do bra\u00e7o forte do Senhor,<\/span><br \/><span style=\"font-size: large;\">criar\u00e1 em ti f\u00e9 para creres!<\/p>\n<p><\/span><\/p>\n<p><span style=\"font-size: large;\">O bra\u00e7o forte de Deus \u00e9 algo, ap\u00f3s te ser revelado, \u00a0que apenas poder\u00e1s experimentar no meio de uma tempestade, da adversidade, de circunst\u00e2ncias hostis, perante as dificuldades e impedimentos que se apresentam diante de ti.<\/span><\/p>\n<p><span style=\"font-size: large;\">\u00a0<\/span><\/p>\n<p style=\"text-align: center;\"><span style=\"font-size: large;\">S\u00e3o as situa\u00e7\u00f5es adversas que te d\u00e3o a oportunidade de <\/span><br \/><span style=\"font-size: large;\"><strong>conheceres e experimentares o bra\u00e7o forte de Deus!<\/strong><\/span><\/p>\n<p><span style=\"font-size: large;\"><strong> <\/strong><\/span><\/p>\n<p><span style=\"font-size: large;\"><strong><\/strong><\/span><\/p>\n<p><span style=\"font-size: large;\">Quando te encontras aflito, quando precisas da interven\u00e7\u00e3o do bra\u00e7o forte do Senhor em tua vida ou qualquer circunst\u00e2ncia, \u00e9 nesse momento quando clamas a Deus, quando vens trazer a Jesus o teu fardo, a tua preocupa\u00e7\u00e3o e Lhe entregas a tua peti\u00e7\u00e3o pela f\u00e9.<\/span><\/p>\n<p><span style=\"font-size: large;\">\u00a0<\/span><\/p>\n<p style=\"text-align: center;\"><span style=\"font-size: large;\">O bra\u00e7o forte de Deus nao est\u00e1 encolhido de forma que n\u00e3o te possa socorrer!<\/span><\/p>\n<p style=\"text-align: center;\"><span style=\"color: #0c71c3; font-size: large;\">Vejam! O bra\u00e7o do\u00a0Senhor<\/span><br \/><span style=\"color: #0c71c3; font-size: large;\"><strong>\u00a0\u00a0\u00a0\u00a0<\/strong><strong>n\u00e3o est\u00e1 t\u00e3o encolhido que n\u00e3o possa salvar,<\/strong> <br \/>e o seu ouvido t\u00e3o surdo<\/span><br \/><span style=\"color: #0c71c3; font-size: large;\">\u00a0\u00a0\u00a0\u00a0que n\u00e3o possa ouvir.<\/span><\/p>\n<p style=\"text-align: center;\"><span style=\"font-size: large;\"><span style=\"color: #0c71c3;\">Isa\u00edas 59:1 ARC<\/span>\u00a0<\/span><\/p>\n<p style=\"text-align: center;\">\n<p style=\"text-align: center;\"><span style=\"color: #0c71c3; font-size: large;\">N\u00e3o foi pela sua for\u00e7a ou capacidade<\/span><br \/><span style=\"color: #0c71c3; font-size: large;\">que ganharam essa terra, mas pelo poder da tua m\u00e3o direita,<\/span><br \/><span style=\"font-size: large;\"><span style=\"color: #0c71c3;\"><strong>o teu bra\u00e7o e o fulgor da tua face, com que os favoreceste.<br \/><\/strong>Salmo 44:3 OL<\/span><\/span><\/p>\n<p><span style=\"font-size: large;\">\u00a0<\/span><\/p>\n<p style=\"text-align: center;\"><span style=\"font-size: large;\">Ao orares a Deus e confiares n\u2019Ele, <\/span><br \/><span style=\"font-size: large;\">Ele ouve a tua peti\u00e7\u00e3o,<\/span><br \/><span style=\"font-size: large;\">Ele n\u00e3o esconde o Seu rosto de ti,<\/span><br \/><span style=\"font-size: large;\">por meio do favor imerecido que recebeste<\/span><br \/><span style=\"font-size: large;\">atrav\u00e9s de Jesus!<\/span><\/p>\n<p><span style=\"font-size: large;\">\u00a0<\/span><\/p>\n<p><span style=\"font-size: large;\">Este favor imerecido recebes quando declaras a Jesus Cristo o Senhor da tua vida, quando rendes a tua vida a Ele como o teu Senhor e Salvador!<\/span><\/p>\n<p><span style=\"font-size: large;\">\u00a0<\/span><\/p>\n<p><span style=\"color: #e09900; font-size: large;\">Ora\u00e7\u00e3o:<em> Senhor meu Deus, eu declaro a Jesus Cristo o Senhor da minha vida! Eu pe\u00e7o perd\u00e3o pelos meus pecados e rendo a minha vida ao Senhorio de Jesus Cristo. Eu recebo este favor imerecido em minha vida atrav\u00e9s de Jesus.\u00a0 <\/em><\/span><\/p>\n<p><span style=\"color: #e09900; font-size: large;\"><em><br \/>Senhor eu venho trazer a minha peti\u00e7\u00e3o diante de ti, &#8230;. (diz-lhe aqui o teu pedido), Senhor eu n\u00e3o posso resolver isto pela minha for\u00e7a nem minha capacidade, mas creio Senhor no teu bra\u00e7o forte, no poder da tua m\u00e3o, no fulgor da tua face, no teu favor sobre mim e a minha peti\u00e7\u00e3o em nome de Jesus, Amem!<\/em><\/span><\/p>\n<p style=\"text-align: center;\"><span style=\"font-size: large;\">Visita o instagram:<strong> meditacoes_da_graca\u00a0 <\/strong><\/span><\/p>\n<p style=\"text-align: center;\"><span style=\"font-size: large;\"><strong>Visita o facebook :\u00a0 Medita\u00e7oes_da_Gra\u00e7a<\/strong><\/span><\/p>\n<p style=\"text-align: center;\"><span style=\"font-size: large;\">\u00a0Visita o MEDITA BLOG\u00a0 AQUI&#8230; <a href=\"http:\/\/meditacoes-da-graca.com\">http:\/\/meditacoes-da-graca.com<\/a><\/span><\/p>\n<p style=\"text-align: center;\"><span style=\"font-size: large;\">Am\u00e9lia e Ant\u00f3nio Moinheiro \u2013 Medita\u00e7\u00f5es da Gra\u00e7a de Deus<\/span><\/p>\n<p>[\/et_pb_text][\/et_pb_column][\/et_pb_row][\/et_pb_section]<\/p>\n","protected":false},"excerpt":{"rendered":"<p>&nbsp; O BRA\u00c7O ESTENDIDO DE DEUS&#8230; &nbsp; &nbsp; \u201cSenhor, quem creu em nossa mensagem?A quem o Senhor revelou seu bra\u00e7o forte?\u201d Jo\u00e3o 12:38 NVT J\u00e1 foi te revelado o bra\u00e7o forte do Senhor?Ao veres o poder do bra\u00e7o forte do Senhor,criar\u00e1 em ti f\u00e9 para creres! O bra\u00e7o forte de Deus \u00e9 algo, ap\u00f3s te [&hellip;]<\/p>\n","protected":false},"author":4,"featured_media":0,"comment_status":"closed","ping_status":"closed","sticky":false,"template":"","format":"standard","meta":{"_et_pb_use_builder":"on","_et_pb_old_content":"","_et_gb_content_width":"","footnotes":""},"categories":[33,29],"tags":[],"class_list":["post-1830","post","type-post","status-publish","format-standard","hentry","category-a-graca-de-deus","category-vitoria-e-intervencao-divina"],"_links":{"self":[{"href":"https:\/\/meditacoes-da-graca.com\/index.php\/wp-json\/wp\/v2\/posts\/1830","targetHints":{"allow":["GET"]}}],"collection":[{"href":"https:\/\/meditacoes-da-graca.com\/index.php\/wp-json\/wp\/v2\/posts"}],"about":[{"href":"https:\/\/meditacoes-da-graca.com\/index.php\/wp-json\/wp\/v2\/types\/post"}],"author":[{"embeddable":true,"href":"https:\/\/meditacoes-da-graca.com\/index.php\/wp-json\/wp\/v2\/users\/4"}],"replies":[{"embeddable":true,"href":"https:\/\/meditacoes-da-graca.com\/index.php\/wp-json\/wp\/v2\/comments?post=1830"}],"version-history":[{"count":2,"href":"https:\/\/meditacoes-da-graca.com\/index.php\/wp-json\/wp\/v2\/posts\/1830\/revisions"}],"predecessor-version":[{"id":1833,"href":"https:\/\/meditacoes-da-graca.com\/index.php\/wp-json\/wp\/v2\/posts\/1830\/revisions\/1833"}],"wp:attachment":[{"href":"https:\/\/meditacoes-da-graca.com\/index.php\/wp-json\/wp\/v2\/media?parent=1830"}],"wp:term":[{"taxonomy":"category","embeddable":true,"href":"https:\/\/meditacoes-da-graca.com\/index.php\/wp-json\/wp\/v2\/categories?post=1830"},{"taxonomy":"post_tag","embeddable":true,"href":"https:\/\/meditacoes-da-graca.com\/index.php\/wp-json\/wp\/v2\/tags?post=1830"}],"curies":[{"name":"wp","href":"https:\/\/api.w.org\/{rel}","templated":true}]}}