{"id":1792,"date":"2021-10-14T11:50:24","date_gmt":"2021-10-14T09:50:24","guid":{"rendered":"https:\/\/meditacoes-da-graca.com\/?p=1792"},"modified":"2021-10-14T11:57:33","modified_gmt":"2021-10-14T09:57:33","slug":"o-lugar-descoberto-de-toda-a-riqueza","status":"publish","type":"post","link":"https:\/\/meditacoes-da-graca.com\/index.php\/2021\/10\/14\/o-lugar-descoberto-de-toda-a-riqueza\/","title":{"rendered":"O LUGAR DESCOBERTO DE TODA A RIQUEZA!"},"content":{"rendered":"\n[et_pb_section fb_built=&#8221;1&#8243; fullwidth=&#8221;on&#8221; _builder_version=&#8221;3.22&#8243; custom_padding=&#8221;0px|||&#8221;][et_pb_fullwidth_image src=&#8221;http:\/\/meditacoes-da-graca.com\/wp-content\/uploads\/2017\/09\/Header-Image-new-9.jpg&#8221; _builder_version=&#8221;3.0.87&#8243; custom_margin=&#8221;0px||0px|&#8221; animation=&#8221;off&#8221; border_style=&#8221;solid&#8221; global_module=&#8221;328&#8243; saved_tabs=&#8221;all&#8221;][\/et_pb_fullwidth_image][\/et_pb_section][et_pb_section fb_built=&#8221;1&#8243; _builder_version=&#8221;3.22&#8243; custom_padding=&#8221;0px|||&#8221;][et_pb_row make_equal=&#8221;on&#8221; module_class=&#8221; et_pb_row_fullwidth&#8221; _builder_version=&#8221;3.25&#8243; width=&#8221;93.4%&#8221; width_tablet=&#8221;80%&#8221; width_last_edited=&#8221;on|desktop&#8221; max_width=&#8221;94%&#8221; max_width_tablet=&#8221;80%&#8221; max_width_last_edited=&#8221;on|desktop&#8221; make_fullwidth=&#8221;on&#8221;][et_pb_column type=&#8221;4_4&#8243; _builder_version=&#8221;3.25&#8243; background_position=&#8221;top_left&#8221; custom_padding=&#8221;|||&#8221; custom_padding__hover=&#8221;|||&#8221;][et_pb_text _builder_version=&#8221;3.27.4&#8243; border_style=&#8221;solid&#8221;]<p>&nbsp;<\/p>\n<p style=\"text-align: center;\"><span style=\"font-size: large;\"><strong>O LUGAR DESCOBERTO DE TODA\u00a0 A RIQUEZA!<\/strong><\/span><\/p>\n<p><span>\u00a0<\/span><\/p>\n<p><span style=\"font-size: medium;\">Sempre que se houve falar de certas riquezas, estas v\u00eam com letreiros como \u2018O tesouro escondido\u2019,\u00a0 \u2018O tesouro enterrado\u2019, \u2018O segredo do cofre\u2019, \u201cA fortuna misteriosa\u2019&#8230;\u00a0 Tais riquezas encontram-se distantes, dif\u00edceis de acesso e imposs\u00edveis de encontrar.<\/span><\/p>\n<p><span style=\"font-size: medium;\">\u00a0<\/span><\/p>\n<p style=\"text-align: center;\"><span style=\"font-size: medium;\">As riquezas de Deus, n\u00e3o s\u00e3o apenas abundantes,<br \/><strong>s\u00e3o super abundantes<\/strong><\/span><\/p>\n<p style=\"text-align: center;\"><span style=\"font-size: medium;\">n\u00e3o est\u00e3o escondidas,<\/span><\/p>\n<p style=\"text-align: center;\"><span style=\"font-size: medium;\">n\u00e3o s\u00e3o secretas,<\/span><\/p>\n<p style=\"text-align: center;\"><span style=\"font-size: medium;\">n\u00e3o est\u00e3o enterradas&#8230;<\/span><\/p>\n<p style=\"text-align: center;\"><span style=\"font-size: medium;\">por que Jesus ressuscitou do sepulcro!<\/span><\/p>\n<p style=\"text-align: center;\"><span style=\"font-size: medium;\">\u00a0<\/span><\/p>\n<p style=\"text-align: center;\"><span style=\"font-size: medium;\">Estas riquezas de Deus, designadas como <br \/>\u2018<strong>As b\u00ean\u00e7\u00e3os espirituais\u2019<\/strong>,<\/span><\/p>\n<p style=\"text-align: center;\"><span style=\"font-size: medium;\">s\u00e3o eternas e incluem tanto <\/span><\/p>\n<p style=\"text-align: center;\"><span style=\"font-size: medium;\">a vida terrena como a vida eterna!<\/span><\/p>\n<p style=\"text-align: center;\"><span style=\"font-size: medium;\">\u00a0<\/span><\/p>\n<p style=\"text-align: center;\"><span style=\"font-size: medium;\">O local destas riquezas de Deus incont\u00e1veis \u00e9<\/span><\/p>\n<p style=\"text-align: center;\"><span style=\"font-size: medium;\"><strong>\u2018Nos lugares celestiais\u2019.<\/strong><\/span><\/p>\n<p style=\"text-align: center;\"><span style=\"font-size: medium;\">O seu acesso \u00e9\u00a0 apenas atrav\u00e9s de Jesus Cristo<\/span><\/p>\n<p style=\"text-align: center;\"><span style=\"font-size: medium;\">que te posicionou <br \/><strong>neste lugar alto e de influ\u00eancia! <\/strong><\/span><\/p>\n<p style=\"text-align: center;\"><\/p>\n<p style=\"text-align: center;\"><span style=\"font-size: medium;\"><strong><em><sup>\u00a0<\/sup><\/em><\/strong><span style=\"color: #0c71c3;\"><em>Louvor seja dado a Deus, o Pai de nosso Senhor Jesus Cristo, <br \/><strong>pois nos encheu de todas as b\u00ean\u00e7\u00e3os nos lugares celestiais<\/strong>, <br \/>a n\u00f3s que vivemos em comunh\u00e3o espiritual com Cristo.\u00a0 <br \/>Ef\u00e9sios 1:3 OL<\/em><\/span><\/span><\/p>\n<p style=\"text-align: center;\"><span style=\"color: #0c71c3; font-size: medium;\"><a href=\"https:\/\/www.biblegateway.com\/passage\/?search=Ef%C3%A9sios+1&amp;version=OL\" style=\"color: #0c71c3;\"><em><br \/><\/em><\/a><strong><em><sup>\u00a0<\/sup><\/em><\/strong><em>Pois ele nos ressuscitou com Cristo e <br \/><strong>nos fez sentar com ele nos dom\u00ednios celestiais,<\/strong> <br \/>porque agora estamos em Cristo Jesus. <br \/>Ef\u00e9sios 2:6 NVT<\/em><\/span><\/p>\n<p><span style=\"font-size: medium;\"><em> <\/em><\/span><\/p>\n<p><span style=\"font-size: medium;\"><em><\/em><\/span><\/p>\n<p style=\"text-align: center;\"><span style=\"color: #0c71c3; font-size: medium;\"><strong><em><sup>\u00a0<\/sup><\/em><\/strong><strong><em>\u201cO<\/em><\/strong><strong><em>\u00a0Senhor\u00a0<\/em><\/strong><strong><em>abrir\u00e1 o c\u00e9u, o dep\u00f3sito do seu tesouro, <\/em><\/strong><em><br \/>para enviar chuva \u00e0 sua terra no devido tempo e <br \/>para aben\u00e7oar todo o trabalho das suas m\u00e3os.<br \/>\u00a0Deuteronomio 28:12 NVI<\/em><\/span><\/p>\n<p style=\"text-align: center;\"><span style=\"font-size: medium;\">\u00a0<\/span><\/p>\n<p style=\"text-align: center;\"><span style=\"font-size: medium;\">Todas as tuas ora\u00e7\u00f5es, os teus planos, aquilo que desejas,<\/span><\/p>\n<p style=\"text-align: center;\"><span style=\"font-size: medium;\">posiciona-te neste lugar alto, atrav\u00e9s de Jesus, <br \/>pois \u00e9 aqui que todas as b\u00ean\u00e7\u00e3os se encontram,<\/span><\/p>\n<p style=\"text-align: center;\"><span style=\"font-size: medium;\">estas s\u00e3o primeiramente estabelecidas nos lugares celestiais e,<\/span><\/p>\n<p style=\"text-align: center;\"><span style=\"font-size: medium;\">por fim, \u00e9 que s\u00e3o estabelecidas aqui na terra!<\/span><\/p>\n<p style=\"text-align: center;\"><span style=\"font-size: medium;\">\u00a0<\/span><\/p>\n<p style=\"text-align: center;\"><span style=\"font-size: medium;\">Quando meditas na palavra de Deus, quando falas com Deus no sossego do teu quarto,\u00a0 <br \/>\u00e9s elevado a este lugar alto, a este posicionamento de influ\u00eancia, aqui<\/span><\/p>\n<p style=\"text-align: center;\"><span style=\"font-size: medium;\"><strong>visualiza em cima e recebe o que te pertence!<\/strong><\/span><\/p>\n<p style=\"text-align: center;\"><span style=\"font-size: medium;\"><strong>\u00a0<\/strong><\/span><\/p>\n<p style=\"text-align: center;\"><span style=\"font-size: medium;\">\u00a0\u00a0\u00a0\u00a0\u00a0\u00a0\u00a0\u00a0\u00a0\u00a0\u00a0\u00a0\u00a0\u00a0\u00a0\u00a0\u00a0\u00a0\u00a0\u00a0\u00a0\u00a0\u00a0\u00a0\u00a0\u00a0\u00a0\u00a0\u00a0\u00a0\u00a0\u00a0\u00a0\u00a0\u00a0\u00a0\u00a0\u00a0\u00a0\u00a0\u00a0\u00a0\u00a0\u00a0\u00a0\u00a0\u00a0\u00a0\u00a0\u00a0\u00a0\u00a0\u00a0\u00a0 Continua &#8230;. \/ &#8230;<\/span><\/p>\n<p><span style=\"font-size: medium;\">\u00a0<\/span><\/p>\n<p><span style=\"color: #e09900; font-size: medium;\">Ora\u00e7\u00e3o:<em> Senhor meu Deus, obrigado por Jesus! Obrigado por me teres resgatado e me teres posicionado nos lugares celestiais com Cristo Jesus! Obrigado por me dares vit\u00f3ria, provis\u00e3o, cura f\u00edsica e emocional, pela tua presen\u00e7a em minha vida! Amem!<\/em><em>\u00a0<\/em><\/span><\/p>\n<p style=\"text-align: center;\"><span>Visita o instagram:<strong> meditacoes_da_graca\u00a0\u00a0<\/strong><br \/><strong>para mais breves mensagens di\u00e1rias sobre este tema<\/strong><\/span><\/p>\n<p style=\"text-align: center;\"><strong><span>Visita o facebook :\u00a0 Medita\u00e7oes_da_Gra\u00e7a<\/span><\/strong><\/p>\n<p>&nbsp;<\/p>\n<p style=\"text-align: center;\"><span>Visita o MEDITA BLOG\u00a0 AQUI&#8230; <a href=\"http:\/\/meditacoes-da-graca.com\">http:\/\/meditacoes-da-graca.com<\/a><\/span><\/p>\n<p style=\"text-align: center;\">Am\u00e9lia e Ant\u00f3nio Moinheiro \u2013 Medita\u00e7\u00f5es da Gra\u00e7a de Deus<\/p>[\/et_pb_text][\/et_pb_column][\/et_pb_row][\/et_pb_section]\n","protected":false},"excerpt":{"rendered":"<p>&nbsp; O LUGAR DESCOBERTO DE TODA\u00a0 A RIQUEZA! \u00a0 Sempre que se houve falar de certas riquezas, estas v\u00eam com letreiros como \u2018O tesouro escondido\u2019,\u00a0 \u2018O tesouro enterrado\u2019, \u2018O segredo do cofre\u2019, \u201cA fortuna misteriosa\u2019&#8230;\u00a0 Tais riquezas encontram-se distantes, dif\u00edceis de acesso e imposs\u00edveis de encontrar. \u00a0 As riquezas de Deus, n\u00e3o s\u00e3o apenas abundantes,s\u00e3o [&hellip;]<\/p>\n","protected":false},"author":4,"featured_media":0,"comment_status":"closed","ping_status":"closed","sticky":false,"template":"","format":"standard","meta":{"_et_pb_use_builder":"on","_et_pb_old_content":"","_et_gb_content_width":"","footnotes":""},"categories":[33],"tags":[],"class_list":["post-1792","post","type-post","status-publish","format-standard","hentry","category-a-graca-de-deus"],"_links":{"self":[{"href":"https:\/\/meditacoes-da-graca.com\/index.php\/wp-json\/wp\/v2\/posts\/1792","targetHints":{"allow":["GET"]}}],"collection":[{"href":"https:\/\/meditacoes-da-graca.com\/index.php\/wp-json\/wp\/v2\/posts"}],"about":[{"href":"https:\/\/meditacoes-da-graca.com\/index.php\/wp-json\/wp\/v2\/types\/post"}],"author":[{"embeddable":true,"href":"https:\/\/meditacoes-da-graca.com\/index.php\/wp-json\/wp\/v2\/users\/4"}],"replies":[{"embeddable":true,"href":"https:\/\/meditacoes-da-graca.com\/index.php\/wp-json\/wp\/v2\/comments?post=1792"}],"version-history":[{"count":4,"href":"https:\/\/meditacoes-da-graca.com\/index.php\/wp-json\/wp\/v2\/posts\/1792\/revisions"}],"predecessor-version":[{"id":1799,"href":"https:\/\/meditacoes-da-graca.com\/index.php\/wp-json\/wp\/v2\/posts\/1792\/revisions\/1799"}],"wp:attachment":[{"href":"https:\/\/meditacoes-da-graca.com\/index.php\/wp-json\/wp\/v2\/media?parent=1792"}],"wp:term":[{"taxonomy":"category","embeddable":true,"href":"https:\/\/meditacoes-da-graca.com\/index.php\/wp-json\/wp\/v2\/categories?post=1792"},{"taxonomy":"post_tag","embeddable":true,"href":"https:\/\/meditacoes-da-graca.com\/index.php\/wp-json\/wp\/v2\/tags?post=1792"}],"curies":[{"name":"wp","href":"https:\/\/api.w.org\/{rel}","templated":true}]}}