{"id":1779,"date":"2021-07-21T13:30:28","date_gmt":"2021-07-21T11:30:28","guid":{"rendered":"http:\/\/meditacoes-da-graca.com\/?p=1779"},"modified":"2021-07-21T13:30:28","modified_gmt":"2021-07-21T11:30:28","slug":"posicionado-no-alto","status":"publish","type":"post","link":"https:\/\/meditacoes-da-graca.com\/index.php\/2021\/07\/21\/posicionado-no-alto\/","title":{"rendered":"POSICIONADO &#8216;NO ALTO&#8217;"},"content":{"rendered":"<p>[et_pb_section fb_built=&#8221;1&#8243; fullwidth=&#8221;on&#8221; _builder_version=&#8221;3.22&#8243; custom_padding=&#8221;0px|||&#8221;][et_pb_fullwidth_image src=&#8221;http:\/\/meditacoes-da-graca.com\/wp-content\/uploads\/2017\/09\/Header-Image-new-9.jpg&#8221; _builder_version=&#8221;3.0.87&#8243; custom_margin=&#8221;0px||0px|&#8221; animation=&#8221;off&#8221; border_style=&#8221;solid&#8221; global_module=&#8221;328&#8243; saved_tabs=&#8221;all&#8221;][\/et_pb_fullwidth_image][\/et_pb_section][et_pb_section fb_built=&#8221;1&#8243; _builder_version=&#8221;3.22&#8243; custom_padding=&#8221;0px|||&#8221;][et_pb_row make_equal=&#8221;on&#8221; module_class=&#8221; et_pb_row_fullwidth&#8221; _builder_version=&#8221;3.25&#8243; width=&#8221;94%&#8221; width_tablet=&#8221;80%&#8221; width_last_edited=&#8221;on|desktop&#8221; max_width=&#8221;94%&#8221; max_width_tablet=&#8221;80%&#8221; max_width_last_edited=&#8221;on|desktop&#8221; make_fullwidth=&#8221;on&#8221;][et_pb_column type=&#8221;4_4&#8243; _builder_version=&#8221;3.25&#8243; background_position=&#8221;top_left&#8221; custom_padding=&#8221;|||&#8221; custom_padding__hover=&#8221;|||&#8221;][et_pb_text _builder_version=&#8221;3.27.4&#8243; border_style=&#8221;solid&#8221;]<\/p>\n<p>&nbsp;<\/p>\n<p style=\"text-align: center;\"><span style=\"font-size: large;\"><strong>POSICIONADO \u2018NO ALTO\u2019<\/strong><\/span><\/p>\n<p><span>\u00a0<\/span><\/p>\n<p><span>\u00a0<\/span><\/p>\n<p style=\"text-align: center;\"><span style=\"font-size: large;\">Se precisas descobrir onde \u00e9 que deves estar melhor posicionado, procura saber: <\/span><\/p>\n<p style=\"text-align: center;\"><span style=\"font-size: large;\"><\/p>\n<p><strong>\u201cOnde \u00e9 que Jesus foi posicionado&#8230;?\u201d <br \/>\u00c9 nesse mesmo lugar, onde Ele est\u00e1, <br \/>que Ele procurou te posicionar tamb\u00e9m&#8230; <\/strong><\/span><\/p>\n<p><span style=\"font-size: large;\"><\/p>\n<p><\/span><\/p>\n<p><span style=\"font-size: large;\">Medita nas escrituras b\u00edblicas abaixo e que elas te revelem, quando ocupas o teu lugar nos lugares celestiais, qual a dimens\u00e3o do favor de Deus sobre a tua vida, o teu potencial atrav\u00e9s de Jesus Cristo!<\/span><\/p>\n<p><span style=\"font-size: large;\">\u00a0<\/span><\/p>\n<p><span style=\"font-size: large;\">\u00a0<\/span><\/p>\n<p style=\"text-align: center;\"><span style=\"color: #0c71c3; font-size: large;\"><strong><em><sup>20\u00a0<\/sup><\/em><\/strong><em>Esse poder grandioso foi tamb\u00e9m o que ressuscitou a Cristo, levantando-o dentre os mortos e <strong>colocando-o<br \/>\u00e0 direita de Deus nos dom\u00ednios celestiais<\/strong> e\u00a0<\/p>\n<p><\/em><\/span><\/p>\n<p style=\"text-align: center;\"><span style=\"color: #0c71c3; font-size: large;\"><strong><em><sup>21\u00a0<\/sup><\/em><\/strong><strong><em>acima de todo e qualquer chefe e autoridade, <br \/>acima de todo o poder e governo que possa existir.<\/em><\/strong><em> <br \/>O nome de Jesus ultrapassa em autoridade n\u00e3o s\u00f3 todos os que dominam neste mundo atual, como no mundo que h\u00e1 de vir.<br \/>\u00a0<br \/><strong><sup>22\u00a0<\/sup><\/strong>Deus colocou <strong>tudo o que existe no universo <br \/>sob a autoridade de Cristo, e fez dele a cabe\u00e7a <br \/>de todas as coisas, para benef\u00edcio da igreja<\/strong>,\u00a0<\/em><\/span><\/p>\n<p style=\"text-align: center;\"><span style=\"color: #0c71c3; font-size: large;\"><em><br \/><strong><sup>23\u00a0<\/sup><\/strong>a qual \u00e9 o seu corpo; \u00e9 ele que a enche com a sua presen\u00e7a, como tamb\u00e9m enche todas as coisas em todo o lugar.<br \/><\/em><em>Ef\u00e9sios 1:20-23 OL<\/em><\/span><\/p>\n<p style=\"text-align: center;\"><span style=\"color: #0c71c3; font-size: large;\">\u00a0<\/span><\/p>\n<p style=\"text-align: center;\"><span style=\"color: #0c71c3; font-size: large;\"><strong><em><sup>6\u00a0<\/sup><\/em><\/strong><em>N\u00f3s ressuscit\u00e1mos com Cristo <strong>e foi-nos concedido, por isso<\/strong>, <br \/>o direito de perten\u00e7a espiritual, pela f\u00e9, <br \/><strong>aos dom\u00ednios celestiais em que Cristo habita<\/strong>.<\/em><\/span><\/p>\n<p style=\"text-align: center;\"><span style=\"color: #0c71c3; font-size: large;\"><em>Ef\u00e9sios 2:6 OL<\/em><\/span><\/p>\n<p><span style=\"font-size: large;\">\u00a0<\/span><\/p>\n<p style=\"text-align: center;\"><span style=\"font-size: large;\">Quando a tua vida est\u00e1 posicionada no Alto, nos lugares celestiais com Cristo: <\/span><\/p>\n<p style=\"text-align: center;\"><span style=\"font-size: large;\"><strong>tudo o que te diz respeito, est\u00e1 debaixo da autoridade de Jesus Cristo <br \/>que est\u00e1 acima de todo e qualquer autoridade, poder e governo <br \/>que possa existir neste mundo atual <br \/>assim como no mundo que h\u00e1 de vir.<\/strong><\/span><\/p>\n<p><span style=\"font-size: large;\"><strong>\u00a0<\/strong><\/span><\/p>\n<p>&nbsp;<\/p>\n<p><span style=\"color: #e09900; font-size: large;\">Ora\u00e7\u00e3o:<em> Senhor meu Deus, o teu Nome est\u00e1 acima de todo o nome no c\u00e9u e na terra, de toda autoridade, poder e governo a terra e nos c\u00e9us agora e no mundo que h\u00e1 de vir. Eu sujeito n\u00e3o s\u00f3 a minha vida mas tudo aquilo que me diz respeito a esta autoridade suprema por Cristo Jesus, e que todas as coisas alinhem com o plano de Deus em minha vida, em nome de Jesus Cristo, Amem!<\/em><\/span><\/p>\n<p><span style=\"font-size: large;\"><em>\u00a0<\/em><em>\u00a0<\/em><\/span><\/p>\n<p style=\"text-align: center;\"><span style=\"font-size: large;\">Visita o instagram:<strong> meditacoes_da_graca <\/strong>de segunda a sexta <br \/><strong>para mais breves mensagens di\u00e1rias sobre este tema<\/strong><\/span><\/p>\n<p style=\"text-align: center;\"><span style=\"font-size: large;\"><strong>Visita o facebook : Medita\u00e7oes_da_Gra\u00e7a<\/strong><\/span><\/p>\n<p style=\"text-align: center;\"><span style=\"font-size: large;\">\u00a0<\/span><\/p>\n<p style=\"text-align: center;\"><span style=\"font-size: large;\">Am\u00e9lia e Ant\u00f3nio Moinheiro \u2013 Medita\u00e7\u00f5es da Gra\u00e7a de Deus<\/span><\/p>\n<p>[\/et_pb_text][\/et_pb_column][\/et_pb_row][\/et_pb_section]<\/p>\n","protected":false},"excerpt":{"rendered":"<p>&nbsp; POSICIONADO \u2018NO ALTO\u2019 \u00a0 \u00a0 Se precisas descobrir onde \u00e9 que deves estar melhor posicionado, procura saber: \u201cOnde \u00e9 que Jesus foi posicionado&#8230;?\u201d \u00c9 nesse mesmo lugar, onde Ele est\u00e1, que Ele procurou te posicionar tamb\u00e9m&#8230; Medita nas escrituras b\u00edblicas abaixo e que elas te revelem, quando ocupas o teu lugar nos lugares celestiais, [&hellip;]<\/p>\n","protected":false},"author":4,"featured_media":0,"comment_status":"closed","ping_status":"closed","sticky":false,"template":"","format":"standard","meta":{"_et_pb_use_builder":"on","_et_pb_old_content":"","_et_gb_content_width":"","footnotes":""},"categories":[33,29],"tags":[],"class_list":["post-1779","post","type-post","status-publish","format-standard","hentry","category-a-graca-de-deus","category-vitoria-e-intervencao-divina"],"_links":{"self":[{"href":"https:\/\/meditacoes-da-graca.com\/index.php\/wp-json\/wp\/v2\/posts\/1779","targetHints":{"allow":["GET"]}}],"collection":[{"href":"https:\/\/meditacoes-da-graca.com\/index.php\/wp-json\/wp\/v2\/posts"}],"about":[{"href":"https:\/\/meditacoes-da-graca.com\/index.php\/wp-json\/wp\/v2\/types\/post"}],"author":[{"embeddable":true,"href":"https:\/\/meditacoes-da-graca.com\/index.php\/wp-json\/wp\/v2\/users\/4"}],"replies":[{"embeddable":true,"href":"https:\/\/meditacoes-da-graca.com\/index.php\/wp-json\/wp\/v2\/comments?post=1779"}],"version-history":[{"count":2,"href":"https:\/\/meditacoes-da-graca.com\/index.php\/wp-json\/wp\/v2\/posts\/1779\/revisions"}],"predecessor-version":[{"id":1782,"href":"https:\/\/meditacoes-da-graca.com\/index.php\/wp-json\/wp\/v2\/posts\/1779\/revisions\/1782"}],"wp:attachment":[{"href":"https:\/\/meditacoes-da-graca.com\/index.php\/wp-json\/wp\/v2\/media?parent=1779"}],"wp:term":[{"taxonomy":"category","embeddable":true,"href":"https:\/\/meditacoes-da-graca.com\/index.php\/wp-json\/wp\/v2\/categories?post=1779"},{"taxonomy":"post_tag","embeddable":true,"href":"https:\/\/meditacoes-da-graca.com\/index.php\/wp-json\/wp\/v2\/tags?post=1779"}],"curies":[{"name":"wp","href":"https:\/\/api.w.org\/{rel}","templated":true}]}}