{"id":1750,"date":"2021-06-27T13:05:53","date_gmt":"2021-06-27T11:05:53","guid":{"rendered":"http:\/\/meditacoes-da-graca.com\/?p=1750"},"modified":"2021-06-27T13:05:53","modified_gmt":"2021-06-27T11:05:53","slug":"a-redencao-pelo-poder","status":"publish","type":"post","link":"https:\/\/meditacoes-da-graca.com\/index.php\/2021\/06\/27\/a-redencao-pelo-poder\/","title":{"rendered":"A REDEN\u00c7\u00c3O PELO PODER"},"content":{"rendered":"<p>[et_pb_section fb_built=&#8221;1&#8243; fullwidth=&#8221;on&#8221; _builder_version=&#8221;3.22&#8243; custom_padding=&#8221;0px|||&#8221;][et_pb_fullwidth_image src=&#8221;http:\/\/meditacoes-da-graca.com\/wp-content\/uploads\/2017\/09\/Header-Image-new-9.jpg&#8221; _builder_version=&#8221;3.0.87&#8243; custom_margin=&#8221;0px||0px|&#8221; animation=&#8221;off&#8221; border_style=&#8221;solid&#8221; global_module=&#8221;328&#8243; saved_tabs=&#8221;all&#8221;][\/et_pb_fullwidth_image][\/et_pb_section][et_pb_section fb_built=&#8221;1&#8243; _builder_version=&#8221;3.22&#8243; custom_padding=&#8221;0px|||&#8221;][et_pb_row make_equal=&#8221;on&#8221; module_class=&#8221; et_pb_row_fullwidth&#8221; _builder_version=&#8221;3.25&#8243; width=&#8221;94%&#8221; width_tablet=&#8221;80%&#8221; width_phone=&#8221;&#8221; width_last_edited=&#8221;on|desktop&#8221; max_width=&#8221;94%&#8221; max_width_tablet=&#8221;80%&#8221; max_width_phone=&#8221;&#8221; max_width_last_edited=&#8221;on|desktop&#8221; make_fullwidth=&#8221;on&#8221; custom_margin=&#8221;|auto||124px||&#8221;][et_pb_column type=&#8221;4_4&#8243; _builder_version=&#8221;3.25&#8243; background_position=&#8221;top_left&#8221; custom_padding=&#8221;|||&#8221; custom_padding__hover=&#8221;|||&#8221;][et_pb_text _builder_version=&#8221;4.9.4&#8243; text_orientation=&#8221;center&#8221; hover_enabled=&#8221;0&#8243; border_style=&#8221;solid&#8221; sticky_enabled=&#8221;0&#8243; custom_padding=&#8221;9px|||||&#8221;]<\/p>\n<h2>\u00a0A REDEN\u00c7\u00c3O PELO PODER &#8211; I<\/h2>\n<p>&nbsp;<\/p>\n<p>&nbsp;<\/p>\n<p style=\"text-align: left;\"><span style=\"font-size: large;\">Segundo as Sagradas Escrituras, vemos dois tipos de reden\u00e7\u00e3o na B\u00edblia:<\/span><\/p>\n<ul>\n<li><span style=\"font-size: large;\">a reden\u00e7\u00e3o pelo sangue<\/span><\/li>\n<li><span style=\"font-size: large;\">a reden\u00e7\u00e3o pelo poder<\/span><\/li>\n<\/ul>\n<p style=\"text-align: left;\"><span style=\"font-size: large;\">Vemos a reden\u00e7\u00e3o pelo sangue, no antigo testamento, quando o povo de Israel no Egito colocou o sangue do cordeiro na porta, e foram salvos. Eles necessitaram <strong>da reden\u00e7\u00e3o pelo sangue.<\/strong>\u00a0 No novo testamento, esta <strong>reden\u00e7\u00e3o \u00e9 atrav\u00e9s do sangue de Jesus<\/strong> e que nos tr\u00e1s a <strong>justifica\u00e7\u00e3o<\/strong>.<\/span><\/p>\n<p><span style=\"font-size: large;\">A <em><strong><u>reden\u00e7\u00e3o pelo sangue<\/u><\/strong><\/em> \u00e9 apenas por Jesus e seu sacrif\u00edcio na cruz.\u00a0<\/span><br \/><span style=\"font-size: large;\">Esta \u00e9 a reden\u00e7\u00e3o que nos traz:<\/span><br \/><span style=\"font-size: large;\"><strong>a salva\u00e7\u00e3o, a cura, a justifica\u00e7\u00e3o<\/strong><\/span><\/p>\n<p style=\"text-align: left;\"><span style=\"font-size: large;\">Apesar do povo de Israel j\u00e1 haver recebido a \u2018reden\u00e7\u00e3o pelo sangue\u2019, ainda assim os inimigos os perseguiram at\u00e9 ao mar vermelho&#8230; <strong>ali, eles experimentaram a reden\u00e7\u00e3o pelo poder <\/strong>quando Deus abriu o mar vermelho&#8230;\u00a0\u00a0<\/span><\/p>\n<p><span style=\"font-size: large;\"><strong>eles precisaram da <\/strong><em><strong><u>reden\u00e7\u00e3o pelo poder<\/u><\/strong><\/em><strong> de Deus <\/strong>para:<\/span><br \/><span style=\"font-size: large;\">\u00a0atravessarem o mar vermelho e o rio Jord\u00e3o a seco,<\/span><br \/><span style=\"font-size: large;\">para deitarem abaixo os muros de Jeric\u00f3,<\/span><br \/><span style=\"font-size: large;\">vencerem as for\u00e7as inimigas,<\/span><br \/><span style=\"font-size: large;\">vencerem os gigantes da terra!<\/span><\/p>\n<p><span style=\"font-size: large;\">Na caminhada com Jesus, na tua justifica\u00e7\u00e3o, que \u00e9 a reden\u00e7\u00e3o pelo sangue,<\/span><\/p>\n<p><span style=\"font-size: large;\"><strong>necessitas tamb\u00e9m de<\/strong> <strong>andar na <\/strong><em><strong><u>reden\u00e7\u00e3o pelo poder<\/u><\/strong><\/em><\/span><br \/><span style=\"font-size: large;\">para <strong>subires as \u2018montanhas\u2019 da vida<\/strong>,<\/span><br \/><span style=\"font-size: large;\"><strong>ultrapassares os obst\u00e1culos<\/strong> que deparam diante de ti,<\/span><br \/><span style=\"font-size: large;\"><strong>venceres os \u2018gigantes\u2019,\u00a0 a batalha que vem contra ti&#8230;<\/strong><\/span><\/p>\n<p><span style=\"color: #0c71c3; font-size: large;\"><em>N\u00e3o foi pela sua for\u00e7a ou capacidade<\/em><\/span><br \/><span style=\"color: #0c71c3; font-size: large;\"><em>que ganharam essa terra, <\/em><strong><em>mas <u>pelo poder<\/u> da tua m\u00e3o direita<\/em><\/strong><em>,<\/em><\/span><br \/><span style=\"color: #0c71c3; font-size: large;\"><em>o teu bra\u00e7o e o fulgor da tua face, com que os favoreceste.<\/em><em><br \/>Salmo 44:3 OL<\/em><\/span><\/p>\n<p><span style=\"color: #0c71c3; font-size: large;\">\u00c9 pela reden\u00e7\u00e3o pelo poder, que vences os teus inimigos<\/span><br \/><span style=\"color: #0c71c3; font-size: large;\">aqueles que te perseguem e querem mal:<\/span><\/p>\n<p><span style=\"color: #0c71c3; font-size: large;\"><em><strong>Com <u>teu poder<\/u>, afastamos nossos inimigos\u2026<\/strong><\/em><\/span><br \/><span style=\"color: #0c71c3; font-size: large;\"><em>Salmo 44:5a NVT<\/em><\/span><\/p>\n<p><span style=\"font-size: large;\">\u00a0<\/span><\/p>\n<p style=\"text-align: left;\"><span style=\"color: #e09900; font-size: large;\">Ora\u00e7\u00e3o:<em> Senhor meu Deus, obrigado pela salva\u00e7\u00e3o atrav\u00e9s de Jesus Cristo, por me teres justificado! Obrigado pois esta reden\u00e7\u00e3o pelo sangue tamb\u00e9m tr\u00e1s cura para o meu corpo.\u00a0 Vem Senhor e toca todo o meu ser&#8230; eu recebo esta cura sobre mim! Obrigado Senhor pois pela reden\u00e7\u00e3o pelo teu poder, eu posso vencer todas as batalhas que v\u00eam contra mim.\u00a0 Vem Senhor, pelo teu poder, teu bra\u00e7o forte,\u00a0 e livra-me de &#8230; (diz-lhe aqui o que precisas&#8230;)\u00a0 Eu te agrade\u00e7o meu Deus e Pai, em nome de Jesus Cristo, Amem!<\/em>\u00a0<\/span><\/p>\n<p style=\"text-align: left;\"><span style=\"font-size: large;\"><em>Minist\u00e9rios crist\u00e3os internacionais de inspira\u00e7\u00e3o e inter\u00easse: New Creation Church Singapore, The Potter\u2019s House USA, Joel Osteen Ministeries, entre outros. <\/em><\/span><\/p>\n<p><span style=\"font-size: large;\">Visita o instagram:<strong> meditacoes_da_graca \u00a0<\/strong>de segunda a sexta<\/span><br \/><span style=\"font-size: large;\"><strong>para mais versos b\u00edblicos di\u00e1rios sobre este tema<\/strong><\/span><br \/><span style=\"font-size: large;\"><strong>E s\u00ea encorajado!<\/strong>\u00a0<\/span><\/p>\n<p style=\"text-align: left;\">\n<p><span style=\"font-size: large;\">Visita o facebook :\u00a0 Medita\u00e7oes_da_Gra\u00e7a<\/span><\/p>\n<p><span style=\"font-size: large;\"><\/span><\/p>\n<p><span style=\"font-size: large;\">*<a href=\"https:\/\/meditacoes.us9.list-manage.com\/unsubscribe?u=8422d07370fcbf31f4a79b510&amp;id=5c2db9d4fd&amp;e=4df067e045&amp;c=004448386a\">Cancelar subscri\u00e7\u00e3o<\/a>\u00a0 \u00a0 \u00a0 \u00a0 \u00a0 \u00a0 \u00a0 \u00a0 \u00a0 \u00a0 *<a href=\"https:\/\/meditacoes.us9.list-manage.com\/subscribe?u=8422d07370fcbf31f4a79b510&amp;id=5c2db9d4fd\">Subscreve-te aqui (gr\u00e1tis)<\/a><\/span><\/p>\n<p><span style=\"font-size: large;\"><\/span><\/p>\n<p><span style=\"font-size: large;\">Am\u00e9lia e Ant\u00f3nio Moinheiro \u2013 Medita\u00e7\u00f5es da Gra\u00e7a de Deus<\/span><\/p>\n<p>[\/et_pb_text][\/et_pb_column][\/et_pb_row][\/et_pb_section]<\/p>\n","protected":false},"excerpt":{"rendered":"<p>\u00a0A REDEN\u00c7\u00c3O PELO PODER &#8211; I &nbsp; &nbsp; Segundo as Sagradas Escrituras, vemos dois tipos de reden\u00e7\u00e3o na B\u00edblia: a reden\u00e7\u00e3o pelo sangue a reden\u00e7\u00e3o pelo poder Vemos a reden\u00e7\u00e3o pelo sangue, no antigo testamento, quando o povo de Israel no Egito colocou o sangue do cordeiro na porta, e foram salvos. Eles necessitaram da [&hellip;]<\/p>\n","protected":false},"author":4,"featured_media":0,"comment_status":"closed","ping_status":"closed","sticky":false,"template":"","format":"standard","meta":{"_et_pb_use_builder":"on","_et_pb_old_content":"","_et_gb_content_width":"","footnotes":""},"categories":[33,32,29],"tags":[],"class_list":["post-1750","post","type-post","status-publish","format-standard","hentry","category-a-graca-de-deus","category-fe-cura-e-milagres","category-vitoria-e-intervencao-divina"],"_links":{"self":[{"href":"https:\/\/meditacoes-da-graca.com\/index.php\/wp-json\/wp\/v2\/posts\/1750","targetHints":{"allow":["GET"]}}],"collection":[{"href":"https:\/\/meditacoes-da-graca.com\/index.php\/wp-json\/wp\/v2\/posts"}],"about":[{"href":"https:\/\/meditacoes-da-graca.com\/index.php\/wp-json\/wp\/v2\/types\/post"}],"author":[{"embeddable":true,"href":"https:\/\/meditacoes-da-graca.com\/index.php\/wp-json\/wp\/v2\/users\/4"}],"replies":[{"embeddable":true,"href":"https:\/\/meditacoes-da-graca.com\/index.php\/wp-json\/wp\/v2\/comments?post=1750"}],"version-history":[{"count":2,"href":"https:\/\/meditacoes-da-graca.com\/index.php\/wp-json\/wp\/v2\/posts\/1750\/revisions"}],"predecessor-version":[{"id":1753,"href":"https:\/\/meditacoes-da-graca.com\/index.php\/wp-json\/wp\/v2\/posts\/1750\/revisions\/1753"}],"wp:attachment":[{"href":"https:\/\/meditacoes-da-graca.com\/index.php\/wp-json\/wp\/v2\/media?parent=1750"}],"wp:term":[{"taxonomy":"category","embeddable":true,"href":"https:\/\/meditacoes-da-graca.com\/index.php\/wp-json\/wp\/v2\/categories?post=1750"},{"taxonomy":"post_tag","embeddable":true,"href":"https:\/\/meditacoes-da-graca.com\/index.php\/wp-json\/wp\/v2\/tags?post=1750"}],"curies":[{"name":"wp","href":"https:\/\/api.w.org\/{rel}","templated":true}]}}