{"id":1732,"date":"2021-06-17T11:08:54","date_gmt":"2021-06-17T09:08:54","guid":{"rendered":"http:\/\/meditacoes-da-graca.com\/?p=1732"},"modified":"2021-06-17T11:12:45","modified_gmt":"2021-06-17T09:12:45","slug":"justificado-pelo-tribunal-divino-ii","status":"publish","type":"post","link":"https:\/\/meditacoes-da-graca.com\/index.php\/2021\/06\/17\/justificado-pelo-tribunal-divino-ii\/","title":{"rendered":"JUSTIFICADO PELO TRIBUNAL DIVINO &#8211; II"},"content":{"rendered":"<p>[et_pb_section fb_built=&#8221;1&#8243; fullwidth=&#8221;on&#8221; _builder_version=&#8221;3.22&#8243; custom_padding=&#8221;0px|||&#8221;][et_pb_fullwidth_image src=&#8221;http:\/\/meditacoes-da-graca.com\/wp-content\/uploads\/2017\/09\/Header-Image-new-9.jpg&#8221; _builder_version=&#8221;3.0.87&#8243; custom_margin=&#8221;0px||0px|&#8221; animation=&#8221;off&#8221; border_style=&#8221;solid&#8221; global_module=&#8221;328&#8243; saved_tabs=&#8221;all&#8221;][\/et_pb_fullwidth_image][\/et_pb_section][et_pb_section fb_built=&#8221;1&#8243; _builder_version=&#8221;3.22&#8243; custom_padding=&#8221;0px|||&#8221;][et_pb_row make_equal=&#8221;on&#8221; module_class=&#8221; et_pb_row_fullwidth&#8221; _builder_version=&#8221;3.25&#8243; width=&#8221;94%&#8221; width_tablet=&#8221;80%&#8221; width_phone=&#8221;&#8221; width_last_edited=&#8221;on|desktop&#8221; max_width=&#8221;94%&#8221; max_width_tablet=&#8221;80%&#8221; max_width_phone=&#8221;&#8221; max_width_last_edited=&#8221;on|desktop&#8221; make_fullwidth=&#8221;on&#8221;][et_pb_column type=&#8221;4_4&#8243; _builder_version=&#8221;3.25&#8243; background_position=&#8221;top_left&#8221; custom_padding=&#8221;|||&#8221; custom_padding__hover=&#8221;|||&#8221;][et_pb_text _builder_version=&#8221;4.9.4&#8243; text_orientation=&#8221;center&#8221; hover_enabled=&#8221;0&#8243; border_style=&#8221;solid&#8221; sticky_enabled=&#8221;0&#8243;]<\/p>\n<h2>JUSTIFICADO PELO \u2018TRIBUNAL DIVINO\u2019 II<\/h2>\n<p>&nbsp;<\/p>\n<p style=\"text-align: left;\"><span style=\"font-size: large;\">Dando continuidade ao estudo da palavra grega\u00a0 \u03b4\u03b9\u03ba\u03b1\u03b9\u03bf\u03c3\u1f7b\u03bd\u03b7 \u00a0(<em>dikaiosyn\u0113) G1343 <\/em>conforme a Concord\u00e2ncia Strong\u2019s,\u00a0\u00a0 do Novo Testamento original, traduzido mais comumente\u00a0 na B\u00edblia portuguesa por \u2018Justi\u00e7a\u2019, de recordar, conforme medita\u00e7\u00e3o \u00faltima, o seu significado mais completo:<\/span><\/p>\n<p><span style=\"font-size: large;\"><strong>Estado daquele que \u00e9 como deveria ser,<\/strong><strong><br \/>justificado, a condi\u00e7\u00e3o aceit\u00e1vel a Deus,<br \/>integridade, virtude, pureza de vida, retid\u00e3o, justi\u00e7a.<\/strong><\/span><\/p>\n<p><span style=\"font-size: large;\">Quando na cria\u00e7\u00e3o, <strong>Deus FEZ<\/strong> o homem segundo a sua imagem\u2026<\/span><br \/><span style=\"font-size: large;\">Deus fez Ad\u00e3o e Eva sem pecado.\u00a0 <\/span><br \/><span style=\"font-size: large;\">Foi devido \u00e0 sua desobedi\u00eancia que se deu a sua queda e <\/span><br \/><span style=\"font-size: large;\">por conseguinte, entrou o pecado no homem,<\/span><\/p>\n<p><span style=\"font-size: large;\">Mas \u2026<\/span><\/p>\n<p><span style=\"font-size: large;\">Foi devido \u00e0 obedi\u00eancia de Jesus Cristo, mediante o seu sacrificio na cruz, que <\/span><br \/><span style=\"font-size: large;\">TODOS AQUELES QUE CR\u00caM NELE, S\u00c3O FEITOS JUSTOS<\/span><br \/><span style=\"font-size: large;\">S\u00c3O JUSTIFICADOS<\/span><br \/><span style=\"font-size: large;\"><strong>S\u00e3o feitos um novo homem<\/strong>, uma nova criatura!<\/span><\/p>\n<p><span style=\"font-size: large;\"><strong>Foste feito justo<\/strong>, foste declarado justificado;\u00a0<\/span><br \/><span style=\"font-size: large;\">foste feito aceit\u00e1vel a Deus, \u00edntegro, puro, reto \u2026.<\/span><\/p>\n<p><span style=\"font-size: large;\"><\/span><\/p>\n<p><span style=\"color: #0c71c3; font-size: large;\">E, libertados do pecado, <strong><u>fostes feitos<\/u><\/strong><\/span><br \/><span style=\"color: #0c71c3; font-size: large;\"><strong>servos da justi\u00e7a\u00a0 \u201c<\/strong><em><strong>justifica\u00e7\u00e3o\u201d<\/strong><\/em><\/span><br \/><span style=\"color: #0c71c3; font-size: large;\">\u00a0Romanos 6:18 ARC<\/span><br \/><span style=\"color: #0c71c3; font-size: large;\">\u00a0<\/span><br \/><span style=\"color: #0c71c3; font-size: large;\">\u00a0<\/span><br \/><span style=\"color: #0c71c3; font-size: large;\">O que as Escrituras nos dizem \u00e9: \u201cAbra\u00e3o creu em Deus e este <\/span><br \/><span style=\"color: #0c71c3; font-size: large;\"><strong>declarou-o como justo<\/strong><\/span><br \/><span style=\"color: #0c71c3; font-size: large;\">Romanos 4:3 OL<\/span><br \/><span style=\"color: #0c71c3; font-size: large;\">\u00a0<\/span><br \/><span style=\"color: #0c71c3; font-size: large;\">\u00a0<\/span><br \/><span style=\"color: #0c71c3; font-size: large;\">\u00a0Pois com o cora\u00e7\u00e3o a pessoa acredita e \u00e9<\/span><br \/><span style=\"color: #0c71c3; font-size: large;\"><strong>declarada justa<\/strong>;<\/span><br \/><span style=\"color: #0c71c3; font-size: large;\">e com a boca ela confessa sua f\u00e9 e \u00e9 salva.\u00a0<\/span><br \/><span style=\"color: #0c71c3; font-size: large;\">Romanos 10:10 VFL<\/span><br \/><span style=\"color: #0c71c3; font-size: large;\">\u00a0<\/span><br \/><span style=\"color: #0c71c3; font-size: large;\">\u00a0<\/span><br \/><span style=\"color: #0c71c3; font-size: large;\">Se o antigo sistema, que traz condena\u00e7\u00e3o, era glorioso,<\/span><br \/><span style=\"color: #0c71c3; font-size: large;\">muito mais glorioso \u00e9 o novo sistema,<\/span><br \/><span style=\"color: #0c71c3; font-size: large;\">que <strong>nos torna justos diante de Deus!<\/strong><\/span><br \/><span style=\"color: #0c71c3; font-size: large;\">2 Corintios 3:9 NVT<\/span><\/p>\n<p><span style=\"color: #0c71c3; font-size: large;\"><\/span><\/p>\n<p><span style=\"font-size: large;\">Os homens podem acusar-te, atirar-te \u2018pedras\u2019 \u2026<\/span><br \/><span style=\"font-size: large;\">A tua pr\u00f3pria consci\u00eancia pode acusar-te<\/span><br \/><span style=\"font-size: large;\">mas se a tua F\u00c9 est\u00e1 em Jesus Cristo:<\/span><br \/><span style=\"font-size: large;\"><strong>FOSTE FEITO JUSTO<\/strong>,\u00a0<\/span><br \/><span style=\"font-size: large;\">FOSTE DECLARADO JUSTIFICADO<\/span><br \/><span style=\"font-size: large;\"><strong>DIANTE DE DEUS<\/strong><\/span><br \/><span style=\"font-size: large;\">e libertado do poder do pecado<\/span><br \/><span style=\"font-size: large;\">para viveres <strong>no poder da justifica\u00e7\u00e3o!<\/strong><\/span><\/p>\n<p><span style=\"font-size: large;\"><strong><\/strong><\/span><\/p>\n<p style=\"text-align: left;\"><span style=\"font-size: large;\"><span style=\"color: #e09900;\">Ora\u00e7\u00e3o:<em> Obrigado meu Senhor e meu Deus por me teres feito justo, por me haveres justificado de todos os meus erros e pecados. Obrigado por me teres feito servo da tua justifica\u00e7\u00e3o, em nome de Jesus, Amem<\/em><\/span><span style=\"color: #e09900;\"><em>!<\/em><\/span><\/span><\/p>\n<p><span style=\"font-size: large;\">Visita o instagram: meditacoes_da_graca \u00a0de segunda a sexta<\/span><br \/><span style=\"font-size: large;\">para mais breves mensagens di\u00e1rias sobre este tema<\/span><br \/><span style=\"font-size: large;\">Visita o facebook :\u00a0 Medita\u00e7oes_da_Gra\u00e7a<\/span><\/p>\n<p><span style=\"font-size: large;\">Medita\u00e7\u00f5es da Gra\u00e7a de Deus &#8211; Am\u00e9lia Moinheiro<\/span><\/p>\n<p><span style=\"font-size: large;\">*<a href=\"https:\/\/meditacoes.us9.list-manage.com\/unsubscribe?u=8422d07370fcbf31f4a79b510&amp;id=5c2db9d4fd&amp;e=4df067e045&amp;c=004448386a\">Cancelar subscri\u00e7\u00e3o<\/a>\u00a0 \u00a0 \u00a0 \u00a0 \u00a0 \u00a0 \u00a0 \u00a0 \u00a0\u00a0 \u00a0 \u00a0 \u00a0*<a href=\"https:\/\/meditacoes.us9.list-manage.com\/subscribe?u=8422d07370fcbf31f4a79b510&amp;id=5c2db9d4fd\">Subscreve-te aqui (gr\u00e1tis)<\/a><\/span><\/p>\n<p>[\/et_pb_text][\/et_pb_column][\/et_pb_row][\/et_pb_section]<\/p>\n","protected":false},"excerpt":{"rendered":"<p>JUSTIFICADO PELO \u2018TRIBUNAL DIVINO\u2019 II &nbsp; Dando continuidade ao estudo da palavra grega\u00a0 \u03b4\u03b9\u03ba\u03b1\u03b9\u03bf\u03c3\u1f7b\u03bd\u03b7 \u00a0(dikaiosyn\u0113) G1343 conforme a Concord\u00e2ncia Strong\u2019s,\u00a0\u00a0 do Novo Testamento original, traduzido mais comumente\u00a0 na B\u00edblia portuguesa por \u2018Justi\u00e7a\u2019, de recordar, conforme medita\u00e7\u00e3o \u00faltima, o seu significado mais completo: Estado daquele que \u00e9 como deveria ser,justificado, a condi\u00e7\u00e3o aceit\u00e1vel a Deus,integridade, virtude, [&hellip;]<\/p>\n","protected":false},"author":4,"featured_media":0,"comment_status":"closed","ping_status":"closed","sticky":false,"template":"","format":"standard","meta":{"_et_pb_use_builder":"on","_et_pb_old_content":"","_et_gb_content_width":"","footnotes":""},"categories":[33,34],"tags":[],"class_list":["post-1732","post","type-post","status-publish","format-standard","hentry","category-a-graca-de-deus","category-salvacao-justificacao-perdao-2"],"_links":{"self":[{"href":"https:\/\/meditacoes-da-graca.com\/index.php\/wp-json\/wp\/v2\/posts\/1732","targetHints":{"allow":["GET"]}}],"collection":[{"href":"https:\/\/meditacoes-da-graca.com\/index.php\/wp-json\/wp\/v2\/posts"}],"about":[{"href":"https:\/\/meditacoes-da-graca.com\/index.php\/wp-json\/wp\/v2\/types\/post"}],"author":[{"embeddable":true,"href":"https:\/\/meditacoes-da-graca.com\/index.php\/wp-json\/wp\/v2\/users\/4"}],"replies":[{"embeddable":true,"href":"https:\/\/meditacoes-da-graca.com\/index.php\/wp-json\/wp\/v2\/comments?post=1732"}],"version-history":[{"count":4,"href":"https:\/\/meditacoes-da-graca.com\/index.php\/wp-json\/wp\/v2\/posts\/1732\/revisions"}],"predecessor-version":[{"id":1738,"href":"https:\/\/meditacoes-da-graca.com\/index.php\/wp-json\/wp\/v2\/posts\/1732\/revisions\/1738"}],"wp:attachment":[{"href":"https:\/\/meditacoes-da-graca.com\/index.php\/wp-json\/wp\/v2\/media?parent=1732"}],"wp:term":[{"taxonomy":"category","embeddable":true,"href":"https:\/\/meditacoes-da-graca.com\/index.php\/wp-json\/wp\/v2\/categories?post=1732"},{"taxonomy":"post_tag","embeddable":true,"href":"https:\/\/meditacoes-da-graca.com\/index.php\/wp-json\/wp\/v2\/tags?post=1732"}],"curies":[{"name":"wp","href":"https:\/\/api.w.org\/{rel}","templated":true}]}}