{"id":1484,"date":"2020-10-22T21:01:02","date_gmt":"2020-10-22T19:01:02","guid":{"rendered":"http:\/\/meditacoes-da-graca.com\/?p=1484"},"modified":"2020-10-22T21:01:04","modified_gmt":"2020-10-22T19:01:04","slug":"pensamentos-do-topo","status":"publish","type":"post","link":"https:\/\/meditacoes-da-graca.com\/index.php\/2020\/10\/22\/pensamentos-do-topo\/","title":{"rendered":"PENSAMENTOS DO TOPO"},"content":{"rendered":"<p>[et_pb_section fb_built=&#8221;1&#8243; fullwidth=&#8221;on&#8221; _builder_version=&#8221;3.22.3&#8243; custom_padding=&#8221;0px|||&#8221;][et_pb_fullwidth_image src=&#8221;http:\/\/meditacoes-da-graca.com\/wp-content\/uploads\/2017\/09\/Header-Image-new-9.jpg&#8221; _builder_version=&#8221;3.0.87&#8243; custom_margin=&#8221;0px||0px|&#8221; animation=&#8221;off&#8221; border_style=&#8221;solid&#8221; global_module=&#8221;328&#8243; saved_tabs=&#8221;all&#8221;][\/et_pb_fullwidth_image][\/et_pb_section][et_pb_section fb_built=&#8221;1&#8243; _builder_version=&#8221;3.22.3&#8243; custom_padding=&#8221;0px|||&#8221;][et_pb_row make_equal=&#8221;on&#8221; background_position_1=&#8221;top_left&#8221; background_position_2=&#8221;top_left&#8221; background_repeat_1=&#8221;no-repeat&#8221; background_repeat_2=&#8221;no-repeat&#8221; module_class=&#8221; et_pb_row_fullwidth&#8221; _builder_version=&#8221;3.22.3&#8243; width=&#8221;94%&#8221; width_tablet=&#8221;80%&#8221; width_last_edited=&#8221;on|desktop&#8221; max_width=&#8221;94%&#8221; max_width_tablet=&#8221;80%&#8221; max_width_last_edited=&#8221;on|desktop&#8221; make_fullwidth=&#8221;on&#8221;][et_pb_column type=&#8221;4_4&#8243; _builder_version=&#8221;3.0.47&#8243;][et_pb_text _builder_version=&#8221;3.24.1&#8243; border_style=&#8221;solid&#8221;]<\/p>\n<p><span><\/span><\/p>\n<p><span><\/span><\/p>\n<p style=\"text-align: center;\"><span style=\"font-size: large;\"><strong>PENSAMENTOS DO TOPO \u2013 Parte 1<\/strong><\/span><\/p>\n<p>&nbsp;<\/p>\n<p>&nbsp;<\/p>\n<p style=\"text-align: center;\"><span style=\"font-size: large;\"><span style=\"color: #3366ff;\"><em>\u201cPensai nas<\/em><em>\u00a0<\/em><em>coisas que s\u00e3o<\/em><em>\u00a0<\/em><em>de cima e n\u00e3o nas<\/em><em>\u00a0<\/em><em>que s\u00e3o<\/em><em>\u00a0<\/em><em>da terra.\u201d <br \/> Colossences 3:2 ARC<\/em><\/span><sup><\/sup><\/span><\/p>\n<p><span style=\"font-size: large;\"><strong><sup>\u00a0<\/sup><\/strong><\/span><\/p>\n<p><span style=\"font-size: large;\"><strong><sup>\u00a0<\/sup><\/strong><\/span><\/p>\n<p><span style=\"font-size: large;\">Quanto \u00e0 escritura Biblica acima poder\u00e1s perguntar: \u2018Mas como posso pensar nas coisas de cima se vivo na terra?\u2019 \u2018\u2026 Nunca estive no C\u00e9u, como posso pensar no que \u00e9 de cima se nunca l\u00e1 estive?\u2019<\/span><\/p>\n<p><span style=\"font-size: large;\">\u00a0<\/span><\/p>\n<p><span style=\"font-size: large;\">Outras vers\u00f5es de tradu\u00e7\u00e3o desta mesma escritura original do Grego, s\u00e3o um pouco mais esclarecedoras:<\/span><\/p>\n<p><span style=\"font-size: large;\">\u00a0<\/span><\/p>\n<p style=\"text-align: center;\"><span style=\"color: #3366ff; font-size: large;\"><em>\u201c<strong>Deixa que o c\u00e9u encha os teus pensamentos<\/strong>;<br \/> n\u00e3o passes o teu tempo preocupado com coisas aqui de baixo.\u201d <br \/> Colossences 3:2 TLB (trad.)<\/em><\/span><\/p>\n<p><span style=\"font-size: large;\"><em>\u00a0<\/em><\/span><\/p>\n<p><span style=\"font-size: large;\"><strong>Deixa que seja o c\u00e9u a encher os teus pensamentos!<\/strong> O c\u00e9u n\u00e3o tem \u00f3dio, rancor, tristeza, choro, depress\u00e3o, ansiedade, medo\u2026<\/p>\n<p><\/span><\/p>\n<p style=\"text-align: center;\"><span style=\"font-size: large;\">N\u00e3o \u2018importes\u2019 pensamentos alheios ou contr\u00e1rios aos de Cristo Jesus por ti.<\/span><\/p>\n<p style=\"text-align: center;\"><span style=\"font-size: large;\"><strong>Pensa \u00fanicamente pensamentos que importam.<\/p>\n<p><\/strong><\/span><\/p>\n<p><span style=\"font-size: large;\"> N\u00e3o ocupes o teu pensamento com o mal que os outros pensam de ti, desde que n\u00e3o seja verdade, escolhe meditares em pensamentos s\u00e3os. N\u00e3o penses nas m\u00e1s a\u00e7\u00f5es que tenham feito contra ti, n\u00e3o sejas prisioneiro das mesmas\u2026 perdoa o mal que te tenham feito, pede perd\u00e3o aos que ofendeste, e vive em paz na tua consciencia, para com o teu pr\u00f3ximo, e acima de tudo, para com Deus!<\/span><\/p>\n<p><span style=\"font-size: large;\">\u00a0<\/span><\/p>\n<p style=\"text-align: center;\"><span style=\"font-size: large;\"><strong>Bons pensamentos resultam em boas a\u00e7\u00f5es!<\/strong><\/span><\/p>\n<p style=\"text-align: center;\"><span style=\"font-size: large;\">Maus pensamentos produzem maus resultados.<\/span><\/p>\n<p><span style=\"font-size: large;\">\u00a0<\/span><\/p>\n<p><span style=\"font-size: large;\"><em>\u00a0\u00a0\u00a0\u00a0\u00a0\u00a0\u00a0\u00a0\u00a0\u00a0\u00a0\u00a0\u00a0\u00a0 \u00a0\u00a0\u00a0\u00a0\u00a0\u00a0\u00a0\u00a0\u00a0\u00a0\u00a0\u00a0\u00a0\u00a0\u00a0\u00a0\u00a0\u00a0\u00a0\u00a0\u00a0\u00a0\u00a0\u00a0\u00a0\u00a0\u00a0\u00a0\u00a0\u00a0\u00a0\u00a0\u00a0\u00a0\u00a0\u00a0\u00a0\u00a0\u00a0\u00a0\u00a0\u00a0\u00a0\u00a0\u00a0\u00a0\u00a0\u00a0\u00a0\u00a0\u00a0\u00a0\u00a0\u00a0\u00a0\u00a0\u00a0\u00a0\u00a0\u00a0\u00a0\u00a0\u00a0 \u2026 continua prox. Medita\u00e7\u00e3o<\/em><\/span><\/p>\n<p><span style=\"font-size: large;\">\u00a0<\/span><\/p>\n<p><span style=\"font-size: large;\"><\/span><\/p>\n<p><span style=\"color: #ff6600; font-size: large;\">Ora\u00e7\u00e3o:<em> Senhor meu Deus, que o c\u00e9u venha encher n\u00e3o s\u00f3 os meus pensamentos mas todo o meu ser! Vem encher-me com a tua Presen\u00e7a, o teu perd\u00e3o, o teu amor, a tua miseric\u00f3rdia! Vem e transforma o meu ser segundo a tua vontade, em nome de Jesus, Amem!<\/em><\/span><\/p>\n<p><span style=\"font-size: large;\"><em>\u00a0<\/em><\/span><\/p>\n<p style=\"text-align: center;\"><span style=\"font-size: large;\"><strong>Visita o instagram: amelia.moinheiro de segunda a sexta <br \/> para mais breves mensagens di\u00e1rias<\/strong><\/span><\/p>\n<p style=\"text-align: center;\"><span style=\"font-size: large;\"><strong>Visita o facebook das Medita\u00e7\u00f5es da Gra\u00e7a<\/strong><\/span><\/p>\n<p><span style=\"font-size: large;\">\u00a0<\/span><\/p>\n<p style=\"text-align: center;\"><span style=\"font-size: large;\">Am\u00e9lia e Ant\u00f3nio Moinheiro \u2013 Medita\u00e7\u00f5es da Gra\u00e7a de Deus<\/span><\/p>\n<p>[\/et_pb_text][\/et_pb_column][\/et_pb_row][\/et_pb_section]<\/p>\n","protected":false},"excerpt":{"rendered":"<p>PENSAMENTOS DO TOPO \u2013 Parte 1 &nbsp; &nbsp; \u201cPensai nas\u00a0coisas que s\u00e3o\u00a0de cima e n\u00e3o nas\u00a0que s\u00e3o\u00a0da terra.\u201d Colossences 3:2 ARC \u00a0 \u00a0 Quanto \u00e0 escritura Biblica acima poder\u00e1s perguntar: \u2018Mas como posso pensar nas coisas de cima se vivo na terra?\u2019 \u2018\u2026 Nunca estive no C\u00e9u, como posso pensar no que \u00e9 de cima [&hellip;]<\/p>\n","protected":false},"author":4,"featured_media":0,"comment_status":"closed","ping_status":"closed","sticky":false,"template":"","format":"standard","meta":{"_et_pb_use_builder":"on","_et_pb_old_content":"","_et_gb_content_width":"","footnotes":""},"categories":[33,38],"tags":[],"class_list":["post-1484","post","type-post","status-publish","format-standard","hentry","category-a-graca-de-deus","category-pensamentos"],"_links":{"self":[{"href":"https:\/\/meditacoes-da-graca.com\/index.php\/wp-json\/wp\/v2\/posts\/1484","targetHints":{"allow":["GET"]}}],"collection":[{"href":"https:\/\/meditacoes-da-graca.com\/index.php\/wp-json\/wp\/v2\/posts"}],"about":[{"href":"https:\/\/meditacoes-da-graca.com\/index.php\/wp-json\/wp\/v2\/types\/post"}],"author":[{"embeddable":true,"href":"https:\/\/meditacoes-da-graca.com\/index.php\/wp-json\/wp\/v2\/users\/4"}],"replies":[{"embeddable":true,"href":"https:\/\/meditacoes-da-graca.com\/index.php\/wp-json\/wp\/v2\/comments?post=1484"}],"version-history":[{"count":3,"href":"https:\/\/meditacoes-da-graca.com\/index.php\/wp-json\/wp\/v2\/posts\/1484\/revisions"}],"predecessor-version":[{"id":1488,"href":"https:\/\/meditacoes-da-graca.com\/index.php\/wp-json\/wp\/v2\/posts\/1484\/revisions\/1488"}],"wp:attachment":[{"href":"https:\/\/meditacoes-da-graca.com\/index.php\/wp-json\/wp\/v2\/media?parent=1484"}],"wp:term":[{"taxonomy":"category","embeddable":true,"href":"https:\/\/meditacoes-da-graca.com\/index.php\/wp-json\/wp\/v2\/categories?post=1484"},{"taxonomy":"post_tag","embeddable":true,"href":"https:\/\/meditacoes-da-graca.com\/index.php\/wp-json\/wp\/v2\/tags?post=1484"}],"curies":[{"name":"wp","href":"https:\/\/api.w.org\/{rel}","templated":true}]}}