{"id":1470,"date":"2020-09-24T08:35:08","date_gmt":"2020-09-24T06:35:08","guid":{"rendered":"http:\/\/meditacoes-da-graca.com\/?p=1470"},"modified":"2020-09-24T08:35:09","modified_gmt":"2020-09-24T06:35:09","slug":"o-poder-que-precisas-para-vencer","status":"publish","type":"post","link":"https:\/\/meditacoes-da-graca.com\/index.php\/2020\/09\/24\/o-poder-que-precisas-para-vencer\/","title":{"rendered":"O PODER QUE PRECISAS PARA VENCER"},"content":{"rendered":"<p>[et_pb_section fb_built=&#8221;1&#8243; fullwidth=&#8221;on&#8221; _builder_version=&#8221;3.22.3&#8243; custom_padding=&#8221;0px|||&#8221;][et_pb_fullwidth_image src=&#8221;http:\/\/meditacoes-da-graca.com\/wp-content\/uploads\/2017\/09\/Header-Image-new-9.jpg&#8221; _builder_version=&#8221;3.0.87&#8243; custom_margin=&#8221;0px||0px|&#8221; animation=&#8221;off&#8221; border_style=&#8221;solid&#8221; global_module=&#8221;328&#8243; saved_tabs=&#8221;all&#8221;][\/et_pb_fullwidth_image][\/et_pb_section][et_pb_section fb_built=&#8221;1&#8243; _builder_version=&#8221;3.22.3&#8243; custom_padding=&#8221;0px|||&#8221;][et_pb_row make_equal=&#8221;on&#8221; background_position_1=&#8221;top_left&#8221; background_position_2=&#8221;top_left&#8221; background_repeat_1=&#8221;no-repeat&#8221; background_repeat_2=&#8221;no-repeat&#8221; module_class=&#8221; et_pb_row_fullwidth&#8221; _builder_version=&#8221;3.22.3&#8243; width=&#8221;94%&#8221; width_tablet=&#8221;80%&#8221; width_last_edited=&#8221;on|desktop&#8221; max_width=&#8221;94%&#8221; max_width_tablet=&#8221;80%&#8221; max_width_last_edited=&#8221;on|desktop&#8221; make_fullwidth=&#8221;on&#8221;][et_pb_column type=&#8221;4_4&#8243; _builder_version=&#8221;3.0.47&#8243;][et_pb_text _builder_version=&#8221;3.24.1&#8243; border_style=&#8221;solid&#8221;]<\/p>\n<p>&nbsp;<\/p>\n<p style=\"text-align: center;\"><span style=\"font-size: large;\"><strong>O PODER QUE PRECISAS PARA VENCER<\/strong><\/span><\/p>\n<p>&nbsp;<\/p>\n<p><span style=\"font-size: large;\">Cada ser humano foi criado \u00e0 semelhan\u00e7a de Deus, cada qual com a sua \u00fanica identidade e individualidade. Como pode ser que, seres criados na semelhan\u00e7a de Deus, tenham se <strong>afastado de uma t\u00e3o gloriosa<\/strong> semelhan\u00e7a divina de Deus para uma forma ca\u00edda de pecado, de destrui\u00e7\u00e3o e em trevas? O fator resultante aqui, foi o aderir ao poder das trevas, o que resultou na queda do homem, mas Jesus Cristo veio para te reconquistar de volta para o seu reino de luz, e poderes viver no poder de Deus!<\/span><\/p>\n<p><span style=\"font-size: large;\">\u00a0<\/span><\/p>\n<p style=\"text-align: center;\"><span style=\"font-size: large;\"><em>Muitos l\u00edderes famosos, personagens de grande sucesso na vida, <br \/> n\u00e3o tiveram \u00eaxito no in\u00edcio de sua jornada&#8230;<\/em><em>\u00a0<\/em><\/span><\/p>\n<p style=\"text-align: center;\"><span style=\"font-size: large;\"><em>Um dos maiores l\u00edderes dos tempos, Mois\u00e9s, n\u00e3o nasceu num \u2018ber\u00e7o de ouro\u2019, ao nascer estava condenado \u00e0 morte, foi colocado num cesto no rio Nilo enquanto sua irm\u00e3 o vigiava de longe&#8230; Cresceu no Pal\u00e1cio Real como Pr\u00edncipe do Egito e na for\u00e7a da sua juventude fugiu para o deserto como <strong>um escravo<\/strong> assassino. <\/em><\/span><\/p>\n<p style=\"text-align: center;\"><span style=\"font-size: large;\"><em>Viveu no deserto sem qualquer destino por 40 anos como pastor de ovelhas.<\/em><em>\u00a0<\/em><\/span><\/p>\n<p style=\"text-align: center;\"><span style=\"font-size: large;\"><em>Aos 80 anos a vida de Mois\u00e9s levou uma reviravolta, quando na sar\u00e7a ardente ele teve um encontro com Deus. Ali, Mois\u00e9s ouviu a Palavra de Deus e conheceu o prop\u00f3sito divino para a sua vida, o prop\u00f3sito de Deus para tirar o povo de Israel do Egito e o levar para a terra prometida.<\/em><\/span><\/p>\n<p><span style=\"font-size: large;\"><em>\u00a0<\/em>\u00a0<\/span><\/p>\n<p><span style=\"font-size: large;\">O que mudou o curso de vida de Mois\u00e9s de um escravo fugitivo para um dos maiores l\u00edderes do mundo&#8230; ? <strong>Foi o Poder de Deus!<\/strong><\/span><\/p>\n<p><span style=\"font-size: large;\"><strong>\u00a0<\/strong><\/span><\/p>\n<p style=\"text-align: center;\"><span style=\"color: #0000ff; font-size: large;\"><em>Quem permanece em mim, e eu nele, produz muito fruto. <br \/> Pois, sem mim, voc\u00eas n\u00e3o podem fazer coisa alguma.<br \/> Jo\u00e3o 15:5 NVT<\/em><\/span><\/p>\n<p><span style=\"font-size: large;\">\u00a0<\/span><\/p>\n<p><span style=\"font-size: large;\">Para os que receberam a mensagem da cruz, o Senhorio de Jesus Cristo em suas vidas, estes passaram do reino das trevas para <strong>o reino da luz,<\/strong> por Jesus Cristo.<\/span><\/p>\n<p><span style=\"font-size: large;\">\u00a0<\/span><\/p>\n<p><span style=\"font-size: large;\">Deus tem um prop\u00f3sito para ti, para a tua vida, e para alcan\u00e7ares a outros \u00e0 tua volta. Este prop\u00f3sito de Deus para ti s\u00f3 \u00e9 poss\u00edvel realizares <strong>no poder de Deus. <\/strong>Precisas ter a tua experi\u00eancia da \u201csar\u00e7a ardente\u201d, o teu encontro com Deus! <\/span><\/p>\n<p><span style=\"font-size: large;\"><br \/> O teu encontro com Deus, o seu poder que est\u00e1 dispon\u00edvel para ti se realiza&#8230;<\/span><\/p>\n<p>&nbsp;<\/p>\n<p style=\"text-align: center;\"><span style=\"font-size: large;\">&#8230; ao <strong>ouvires<\/strong> a Sua Palavra<\/span><\/p>\n<p style=\"text-align: center;\"><span style=\"font-size: large;\">&#8230; ao <strong>orares<\/strong> a Deus Pai, no nome de Jesus<\/span><\/p>\n<p style=\"text-align: center;\"><span style=\"font-size: large;\">&#8230; ao <strong>creres<\/strong> de todo o teu cora\u00e7\u00e3o n\u2019Ele<\/span><\/p>\n<p style=\"text-align: center;\"><span style=\"font-size: large;\">&#8230; ao <strong>agires<\/strong> no poder da Sua Palavra<\/span><\/p>\n<p style=\"text-align: center;\"><span style=\"font-size: large;\">&#8230; ao <strong>tomares posse<\/strong> daquilo que te pertence em Cristo Jesus!<\/span><\/p>\n<p><span style=\"font-size: large;\">\u00a0<\/span><\/p>\n<p><span style=\"color: #ff6600; font-size: large;\">Ora\u00e7\u00e3o:<em> Senhor meu Deus, meu Salvador! Eu rendo a minha vida a Ti e ao teu servi\u00e7o. Vem Senhor, pelo poder do teu Esp\u00edrito falar ao meu cora\u00e7\u00e3o pela Tua Palavra. Vem encher-me com o poder do teu Santo Esp\u00edrito para eu realizar a obra a que me chamaste. Ajuda-me, pelo teu poder, a andar em f\u00e9 na Tua Palavra e a agir de acordo com os teus ensinos, e desvia-me do mal, em nome de Jesus, Amem!<\/em><\/span><\/p>\n<p style=\"text-align: center;\"><span style=\"font-size: large;\"><strong>Visita o instagram: meditacoes_da_graca de segunda a sexta <br \/> para mais breves mensagens di\u00e1rias<\/strong><\/span><\/p>\n<p style=\"text-align: center;\"><span style=\"font-size: large;\"><strong>Visita o facebook das Medita\u00e7\u00f5es da Gra\u00e7a<\/strong><\/span><\/p>\n<p style=\"text-align: center;\"><span style=\"font-size: large;\">Am\u00e9lia e Ant\u00f3nio Moinheiro \u2013 Medita\u00e7\u00f5es da Gra\u00e7a de Deus<\/span><\/p>\n<p>[\/et_pb_text][\/et_pb_column][\/et_pb_row][\/et_pb_section]<\/p>\n","protected":false},"excerpt":{"rendered":"<p>&nbsp; O PODER QUE PRECISAS PARA VENCER &nbsp; Cada ser humano foi criado \u00e0 semelhan\u00e7a de Deus, cada qual com a sua \u00fanica identidade e individualidade. Como pode ser que, seres criados na semelhan\u00e7a de Deus, tenham se afastado de uma t\u00e3o gloriosa semelhan\u00e7a divina de Deus para uma forma ca\u00edda de pecado, de destrui\u00e7\u00e3o [&hellip;]<\/p>\n","protected":false},"author":4,"featured_media":0,"comment_status":"closed","ping_status":"closed","sticky":false,"template":"","format":"standard","meta":{"_et_pb_use_builder":"on","_et_pb_old_content":"","_et_gb_content_width":"","footnotes":""},"categories":[33,29],"tags":[],"class_list":["post-1470","post","type-post","status-publish","format-standard","hentry","category-a-graca-de-deus","category-vitoria-e-intervencao-divina"],"_links":{"self":[{"href":"https:\/\/meditacoes-da-graca.com\/index.php\/wp-json\/wp\/v2\/posts\/1470","targetHints":{"allow":["GET"]}}],"collection":[{"href":"https:\/\/meditacoes-da-graca.com\/index.php\/wp-json\/wp\/v2\/posts"}],"about":[{"href":"https:\/\/meditacoes-da-graca.com\/index.php\/wp-json\/wp\/v2\/types\/post"}],"author":[{"embeddable":true,"href":"https:\/\/meditacoes-da-graca.com\/index.php\/wp-json\/wp\/v2\/users\/4"}],"replies":[{"embeddable":true,"href":"https:\/\/meditacoes-da-graca.com\/index.php\/wp-json\/wp\/v2\/comments?post=1470"}],"version-history":[{"count":2,"href":"https:\/\/meditacoes-da-graca.com\/index.php\/wp-json\/wp\/v2\/posts\/1470\/revisions"}],"predecessor-version":[{"id":1473,"href":"https:\/\/meditacoes-da-graca.com\/index.php\/wp-json\/wp\/v2\/posts\/1470\/revisions\/1473"}],"wp:attachment":[{"href":"https:\/\/meditacoes-da-graca.com\/index.php\/wp-json\/wp\/v2\/media?parent=1470"}],"wp:term":[{"taxonomy":"category","embeddable":true,"href":"https:\/\/meditacoes-da-graca.com\/index.php\/wp-json\/wp\/v2\/categories?post=1470"},{"taxonomy":"post_tag","embeddable":true,"href":"https:\/\/meditacoes-da-graca.com\/index.php\/wp-json\/wp\/v2\/tags?post=1470"}],"curies":[{"name":"wp","href":"https:\/\/api.w.org\/{rel}","templated":true}]}}