{"id":1399,"date":"2020-07-09T09:37:17","date_gmt":"2020-07-09T07:37:17","guid":{"rendered":"http:\/\/meditacoes-da-graca.com\/?p=1399"},"modified":"2020-07-09T09:55:02","modified_gmt":"2020-07-09T07:55:02","slug":"quando-nao-podes-mudar-as-circunstancias","status":"publish","type":"post","link":"https:\/\/meditacoes-da-graca.com\/index.php\/2020\/07\/09\/quando-nao-podes-mudar-as-circunstancias\/","title":{"rendered":"QUANDO N\u00c3O PODES MUDAR AS CIRCUNST\u00c2NCIAS&#8230;"},"content":{"rendered":"<p>[et_pb_section fb_built=&#8221;1&#8243; fullwidth=&#8221;on&#8221; _builder_version=&#8221;3.22.3&#8243; custom_padding=&#8221;0px|||&#8221;][et_pb_fullwidth_image src=&#8221;http:\/\/meditacoes-da-graca.com\/wp-content\/uploads\/2017\/09\/Header-Image-new-9.jpg&#8221; _builder_version=&#8221;3.0.87&#8243; custom_margin=&#8221;0px||0px|&#8221; animation=&#8221;off&#8221; border_style=&#8221;solid&#8221; global_module=&#8221;328&#8243; saved_tabs=&#8221;all&#8221;][\/et_pb_fullwidth_image][\/et_pb_section][et_pb_section fb_built=&#8221;1&#8243; _builder_version=&#8221;3.22.3&#8243; custom_padding=&#8221;0px|||&#8221;][et_pb_row make_equal=&#8221;on&#8221; background_position_1=&#8221;top_left&#8221; background_position_2=&#8221;top_left&#8221; background_repeat_1=&#8221;no-repeat&#8221; background_repeat_2=&#8221;no-repeat&#8221; module_class=&#8221; et_pb_row_fullwidth&#8221; _builder_version=&#8221;3.22.3&#8243; width=&#8221;94%&#8221; width_tablet=&#8221;80%&#8221; width_last_edited=&#8221;on|desktop&#8221; max_width=&#8221;94%&#8221; max_width_tablet=&#8221;80%&#8221; max_width_last_edited=&#8221;on|desktop&#8221; make_fullwidth=&#8221;on&#8221;][et_pb_column type=&#8221;4_4&#8243; _builder_version=&#8221;3.0.47&#8243;][et_pb_text _builder_version=&#8221;3.24.1&#8243; border_style=&#8221;solid&#8221;]<\/p>\n<p>&nbsp;<\/p>\n<p>&nbsp;<\/p>\n<p><strong><span><\/span><\/strong><\/p>\n<p style=\"text-align: center;\"><span style=\"font-size: large;\"><strong>QUANDO N\u00c3O PODES MUDAR AS CIRCUNST\u00c2NCIAS&#8230;\u00a0<\/strong><\/span><\/p>\n<p><strong><span>\u00a0<\/span><\/strong><\/p>\n<p><span style=\"font-size: large;\">J\u00e1 te encontraste numa situa\u00e7\u00e3o onde <strong>n\u00e3o tens controle nenhum<\/strong> sobre as tuas circunstancias&#8230; antes, pelo contr\u00e1rio, at\u00e9 parece que as circunst\u00e2ncias \u00e9 que te controlam? Sentes-te como bloqueado, aprisionado, num beco sem sa\u00edda?<\/span><\/p>\n<p style=\"text-align: left;\"><span style=\"font-size: large;\"><\/span><\/p>\n<ul>\n<li style=\"text-align: left;\"><span style=\"font-size: large;\"><em>O ap\u00f3stolo Paulo foi posto em <strong>pris\u00e3o domicili\u00e1ria<\/strong>&#8230; mas ali ele escreveu as ep\u00edstolas do Novo Testamento,cheias de f\u00e9, amor e instru\u00e7\u00e3o para todos n\u00f3s.<\/em><em><\/em><em><\/em><\/span><\/li>\n<li style=\"text-align: left;\"><span style=\"font-size: large;\"><em> O ladr\u00e3o na cruz, <strong>n\u00e3o podia mudar as suas circunst\u00e2ncias<\/strong> mas, naquele momento de horror, pediu a Jesus que se lembrasse dele&#8230; Jesus prometeu-lhe que ainda naquele dia ele estaria com Ele no seu Reino.<\/em><em><\/em><em><\/em><\/span><\/li>\n<li style=\"text-align: left;\"><span style=\"font-size: large;\"><em>O ap\u00f3stolo Jo\u00e3o, <strong>preso na ilha<\/strong> de Patmos &#8230; em ora\u00e7\u00e3o com Deus, teve as maiores revela\u00e7\u00f5es dos fins dos tempos e escreveu o Livro do Apocalipse.<\/em><em>\u00a0<\/em><\/span><\/li>\n<li style=\"text-align: left;\"><span style=\"font-size: large;\"><em>A mulher com o fluxo de sangue de h\u00e1 muitos anos de sofrimento e que a <strong>multid\u00e3o a impedia<\/strong> de chegar a Jesus&#8230; tocou na sua veste e sarou.<\/em><em><\/em><em><\/em><\/span><\/li>\n<li style=\"text-align: left;\"><span style=\"font-size: large;\"><em>O ap\u00f3stolo Pedro, com <strong>medo \u00e0 noite no oceano<\/strong>&#8230; andou sobre as \u00e1guas! <\/em><\/span><\/li>\n<\/ul>\n<p><span style=\"font-size: large;\">Quais s\u00e3o as tuas circunst\u00e2ncias que n\u00e3o podes mudar? Todos estes acima, perante as circunst\u00e2ncias que n\u00e3o podiam mudar, tem um fator em comum: \u00a0<strong>Um encontro com Jesus.<\/strong>\u00a0<\/span><\/p>\n<p><span style=\"font-size: large;\"><em><\/em><\/span><\/p>\n<p style=\"text-align: center;\"><span style=\"font-size: large;\"><span style=\"color: #3366ff;\"><em>Sabemos que, <strong>em tudo o que acontece, Deus trabalha para o bem<\/strong><br \/> <\/em><\/span><span style=\"color: #3366ff;\"><em>daqueles que o amam, daqueles a quem Ele chamou de acordo com o seu plano.<br \/> <\/em><\/span><span style=\"color: #3366ff;\"><em>Romanos 8:28 VFL<\/em><\/span><\/span><\/p>\n<p><span style=\"font-size: large;\">\u00a0<\/span><\/p>\n<p style=\"text-align: center;\"><span style=\"font-size: large;\">Transforma as circunst\u00e2ncias que n\u00e3o podes mudar<br \/> <strong>numa oportunidade<\/strong> para Jesus operar<br \/> e faz\u00ea-las <strong>contribuir para o teu bem de acordo com o Seu plano.<\/strong><\/span><\/p>\n<p><span style=\"font-size: large;\"><strong>\u00a0<\/strong><\/span><\/p>\n<p><span style=\"font-size: large;\">Mesmo que te sintas na vida como que <strong>num abismo ou numa gruta<\/strong> rodeado por \u00e1gua e rochas e, nesta escurid\u00e3o, n\u00e3o v\u00eas a sa\u00edda&#8230; basta a luz do c\u00e9u brilhar entre a brecha de uma rocha escura para ali veres que \u00e9 a tua sa\u00edda.<\/span><\/p>\n<p><span style=\"font-size: large;\"><strong>\u00a0<\/strong><\/span><\/p>\n<p><span style=\"font-size: large;\">Vem a Jesus com as tuas circunst\u00e2ncias, seja um relacionamento, uma condi\u00e7\u00e3o de sa\u00fade, uma situa\u00e7\u00e3o financeira &#8230; e pede-Lhe, pelo poder do Seu Santo Esp\u00edrito <strong>te ilumine<\/strong>, mostre o caminho, a tua sa\u00edda.<\/span><\/p>\n<p><span style=\"font-size: large;\">\u00a0<\/span><\/p>\n<p style=\"text-align: center;\"><span style=\"font-size: large;\"><strong>Convida\u00a0teus familiares e amigos a se subscreverem no <br \/>Medita-blog gratuitamente.<\/strong><\/span><\/p>\n<p style=\"text-align: left;\"><span style=\"color: #ff6600; font-size: large;\">\u00a0<\/span><\/p>\n<p><span style=\"font-size: large;\"><span style=\"color: #ff6600;\">Ora\u00e7\u00e3o: <\/span> <em><span style=\"color: #ff6600;\">Oh Senhor meu Deus! Tu que fazes <strong>todas as coisas<\/strong> contribu\u00edrem para o bem daqueles que te amam, vem transformar as minhas circunst\u00e2ncias para o meu bem e segundo o Teu plano para a minha vida! Eu recebo o teu perd\u00e3o pelos meus pecados e perdou-o os meus ofensores. Eu recebo o teu amor por mim e declaro o meu amor por Ti Senhor meu Deus! Vem Santo Esp\u00edrito de Deus e ilumina o meu caminho com a Palavra Viva, em nome de Jesus, Amem!<\/span> <\/em><\/span><\/p>\n<p style=\"text-align: center;\"><span style=\"font-size: large;\"><strong><br \/>Visita o instagram amelia.moinheiro de segunda a sexta <br \/>para mensagens breves de encorajamento. \u00a0<\/strong><\/span><\/p>\n<p style=\"text-align: center;\"><span style=\"font-size: large;\">Am\u00e9lia e Ant\u00f3nio Moinheiro \u2013 Medita\u00e7\u00f5es da Gra\u00e7a de Deus<\/span><\/p>\n<p>[\/et_pb_text][\/et_pb_column][\/et_pb_row][\/et_pb_section]<\/p>\n","protected":false},"excerpt":{"rendered":"<p>&nbsp; &nbsp; QUANDO N\u00c3O PODES MUDAR AS CIRCUNST\u00c2NCIAS&#8230;\u00a0 \u00a0 J\u00e1 te encontraste numa situa\u00e7\u00e3o onde n\u00e3o tens controle nenhum sobre as tuas circunstancias&#8230; antes, pelo contr\u00e1rio, at\u00e9 parece que as circunst\u00e2ncias \u00e9 que te controlam? Sentes-te como bloqueado, aprisionado, num beco sem sa\u00edda? O ap\u00f3stolo Paulo foi posto em pris\u00e3o domicili\u00e1ria&#8230; mas ali ele escreveu [&hellip;]<\/p>\n","protected":false},"author":4,"featured_media":0,"comment_status":"closed","ping_status":"closed","sticky":false,"template":"","format":"standard","meta":{"_et_pb_use_builder":"on","_et_pb_old_content":"","_et_gb_content_width":"","footnotes":""},"categories":[33,31,32],"tags":[],"class_list":["post-1399","post","type-post","status-publish","format-standard","hentry","category-a-graca-de-deus","category-como-orar","category-fe-cura-e-milagres"],"_links":{"self":[{"href":"https:\/\/meditacoes-da-graca.com\/index.php\/wp-json\/wp\/v2\/posts\/1399","targetHints":{"allow":["GET"]}}],"collection":[{"href":"https:\/\/meditacoes-da-graca.com\/index.php\/wp-json\/wp\/v2\/posts"}],"about":[{"href":"https:\/\/meditacoes-da-graca.com\/index.php\/wp-json\/wp\/v2\/types\/post"}],"author":[{"embeddable":true,"href":"https:\/\/meditacoes-da-graca.com\/index.php\/wp-json\/wp\/v2\/users\/4"}],"replies":[{"embeddable":true,"href":"https:\/\/meditacoes-da-graca.com\/index.php\/wp-json\/wp\/v2\/comments?post=1399"}],"version-history":[{"count":5,"href":"https:\/\/meditacoes-da-graca.com\/index.php\/wp-json\/wp\/v2\/posts\/1399\/revisions"}],"predecessor-version":[{"id":1409,"href":"https:\/\/meditacoes-da-graca.com\/index.php\/wp-json\/wp\/v2\/posts\/1399\/revisions\/1409"}],"wp:attachment":[{"href":"https:\/\/meditacoes-da-graca.com\/index.php\/wp-json\/wp\/v2\/media?parent=1399"}],"wp:term":[{"taxonomy":"category","embeddable":true,"href":"https:\/\/meditacoes-da-graca.com\/index.php\/wp-json\/wp\/v2\/categories?post=1399"},{"taxonomy":"post_tag","embeddable":true,"href":"https:\/\/meditacoes-da-graca.com\/index.php\/wp-json\/wp\/v2\/tags?post=1399"}],"curies":[{"name":"wp","href":"https:\/\/api.w.org\/{rel}","templated":true}]}}