{"id":1353,"date":"2020-05-24T21:02:00","date_gmt":"2020-05-24T19:02:00","guid":{"rendered":"http:\/\/meditacoes-da-graca.com\/?p=1353"},"modified":"2020-05-24T21:03:46","modified_gmt":"2020-05-24T19:03:46","slug":"o-poder-da-oracao-de-um-apenas","status":"publish","type":"post","link":"https:\/\/meditacoes-da-graca.com\/index.php\/2020\/05\/24\/o-poder-da-oracao-de-um-apenas\/","title":{"rendered":"O PODER DA ORA\u00c7\u00c3O DE UM APENAS"},"content":{"rendered":"<p>[et_pb_section fb_built=&#8221;1&#8243; fullwidth=&#8221;on&#8221; _builder_version=&#8221;3.22.3&#8243; custom_padding=&#8221;0px|||&#8221;][et_pb_fullwidth_image src=&#8221;http:\/\/meditacoes-da-graca.com\/wp-content\/uploads\/2017\/09\/Header-Image-new-9.jpg&#8221; _builder_version=&#8221;3.0.87&#8243; custom_margin=&#8221;0px||0px|&#8221; animation=&#8221;off&#8221; border_style=&#8221;solid&#8221; global_module=&#8221;328&#8243; saved_tabs=&#8221;all&#8221;][\/et_pb_fullwidth_image][\/et_pb_section][et_pb_section fb_built=&#8221;1&#8243; _builder_version=&#8221;3.22.3&#8243; custom_padding=&#8221;0px|||&#8221;][et_pb_row make_equal=&#8221;on&#8221; background_position_1=&#8221;top_left&#8221; background_position_2=&#8221;top_left&#8221; background_repeat_1=&#8221;no-repeat&#8221; background_repeat_2=&#8221;no-repeat&#8221; module_class=&#8221; et_pb_row_fullwidth&#8221; _builder_version=&#8221;3.22.3&#8243; width=&#8221;94%&#8221; width_tablet=&#8221;80%&#8221; width_last_edited=&#8221;on|desktop&#8221; max_width=&#8221;94%&#8221; max_width_tablet=&#8221;80%&#8221; max_width_last_edited=&#8221;on|desktop&#8221; make_fullwidth=&#8221;on&#8221;][et_pb_column type=&#8221;4_4&#8243; _builder_version=&#8221;3.0.47&#8243;][et_pb_text _builder_version=&#8221;3.24.1&#8243; border_style=&#8221;solid&#8221;]<\/p>\n<p><span style=\"color: #ff6600;\"><em><\/em><\/span><\/p>\n<p><strong><span><\/span><\/strong><\/p>\n<p style=\"text-align: center;\"><span style=\"font-size: large;\"><strong>O PODER DA ORA\u00c7\u00c3O DE UM APENAS &#8230; <\/strong><\/span><\/p>\n<p>&nbsp;<\/p>\n<p><span style=\"font-size: large;\">Ap\u00f3s a ressurrei\u00e7\u00e3o de Jesus Cristo e sua ascens\u00e3o aos c\u00e9us, Jesus sentou-se no Trono, \u00e0 direita de Deus Pai, a orar, a interceder diante de Deus por ti, pela sua Igreja, pela humanidade: <\/span><\/p>\n<p><span style=\"font-size: large;\">\u00a0<\/span><\/p>\n<p style=\"text-align: center;\"><span style=\"font-size: large;\"><strong>A ORA\u00c7\u0100O DE UM \u2013 JESUS \u2013<\/strong> <strong>O MEDIADOR<\/strong> <\/span><\/p>\n<p style=\"text-align: center;\"><span style=\"font-size: large;\">entre Deus Pai e a humanidade DE TAMANHO EFEITO&#8230;!<\/span><\/p>\n<p><span style=\"font-size: large;\">\u00a0<\/span><\/p>\n<p><span style=\"font-size: large;\">Todos aqueles que cr\u00eaem em Jesus e se tornam seguidores de Jesus s\u00e3o disc\u00edpulos de Jesus, s\u00e3o instru\u00eddos pelo Esp\u00edrito Santo, atrav\u00e9s dos ensinos nas sagradas escrituras, a B\u00edblia, a orarem e fazerem as suas peti\u00e7\u00f5es a Deus, <strong>pois a sua ora\u00e7\u00e3o<\/strong>, <strong>mesmo que s\u00f3 seja a de uma pessoa, justificada por Jesus, tem grande poder e efeito<\/strong>:<\/span><\/p>\n<p>&nbsp;<\/p>\n<p style=\"text-align: center;\"><span style=\"color: #0000ff; font-size: large;\"><em>Tiago 5:16<\/em><strong><em><sup>\u00a0<br \/><\/sup><\/em><\/strong><em>Confessem as vossas faltas uns aos outros e <br \/> orem tamb\u00e9m uns pelos outros; assim ser\u00e3o curados. <br \/> <strong>A ora\u00e7\u00e3o feita por um justo alcan\u00e7ar\u00e1 resultados muito grandes<\/strong><\/em><em>. OL<\/em><\/span><\/p>\n<p><span style=\"font-size: large;\"><em>\u00a0<\/em><\/span><\/p>\n<p style=\"text-align: center;\"><span style=\"font-size: large;\"><em>Outra vers\u00e3o ou tradu\u00e7\u00e3o do mesmo verso:<\/em><\/span><\/p>\n<p><span style=\"font-size: large;\"><em> <\/em><\/span><\/p>\n<p><span style=\"font-size: large;\"><em><\/em><span style=\"color: #0000ff;\"><em>\u2026<strong>A ora\u00e7\u00e3o de uma pessoa obediente a Deus tem muito poder<\/strong>.\u00a0 NTLH<\/em><\/span><\/span><\/p>\n<p><span style=\"font-size: large;\">\u00a0<\/span><\/p>\n<p><span style=\"font-size: large;\">Cr\u00eas em Jesus como o teu Senhor e Salvador e fizeste a ora\u00e7\u00e3o da salva\u00e7\u00e3o? Se assim o fizeste, passaste a ser justificado por Jesus. Diante de Deus, \u00e9s considerado justo.\u00a0\u00a0 <strong><em>A tua ora\u00e7\u00e3o, isto \u00e9, a ora\u00e7\u00e3o por um justo alcan\u00e7ar\u00e1 resultados muito grandes; a ora\u00e7\u00e3o de uma pessoa obediente a Deus tem muito poder \u2026<\/em><\/strong><\/span><\/p>\n<p><span style=\"font-size: large;\"><strong><em>\u00a0<\/em><\/strong><\/span><\/p>\n<p style=\"text-align: center;\"><span style=\"font-size: large;\">Conforme esta escritura acima que se resume no <\/span><br \/><span style=\"font-size: large;\"> Poder da ora\u00e7\u00e3o de um justo, que tem tanto efeito \u2026.<\/span><\/p>\n<p style=\"text-align: center;\"><span style=\"font-size: large;\">Quanto mais efeito tem a intercess\u00e3o de Jesus no Trono, <\/span><br \/><span style=\"font-size: large;\"> o JUSTO E IMACULADO CORDEIRO DE DEUS por todos n\u00f3s!<\/span><\/p>\n<p><span style=\"font-size: large;\">\u00a0<\/span><\/p>\n<p><span style=\"font-size: large;\">Tira um momento calmo e a s\u00f3s com Deus, e faz a tua ora\u00e7\u00e3o a Ele! Ora tambem pelo teu Pa\u00eds, o Presidente, os Governantes, todos os que est\u00e3o no poder, para que Deus lhes d\u00ea sabedoria durante esta pandemia, para que haja paz, prosperidade e seguran\u00e7a.<\/span><\/p>\n<p><span style=\"font-size: large;\"><strong><em>\u00a0<\/em><\/strong><\/span><\/p>\n<p style=\"text-align: center;\"><span style=\"color: #0000ff; font-size: large;\"><em>Aconselho <strong>antes de tudo, que se ore, suplique e agrade\u00e7a a Deus<\/strong>, <br \/> intercedendo a favor de toda a gente<strong>.\u00a0<sup>\u00a0<\/sup><\/strong><\/em><\/span><\/p>\n<p style=\"text-align: center;\"><span style=\"color: #0000ff; font-size: large;\"><strong><em>N\u00e3o se esque\u00e7am de orar pelos que governam e est\u00e3o investidos de autoridade,<\/em><\/strong><\/span><\/p>\n<p style=\"text-align: center;\"><span style=\"color: #0000ff; font-size: large;\"><em> a fim de que possamos viver em paz e sossego, <\/em><\/span><\/p>\n<p style=\"text-align: center;\"><span style=\"color: #0000ff; font-size: large;\"><em>conformando a nossa conduta com toda a devo\u00e7\u00e3o e dignidade. <br \/> I Timoteo 2:1,2 OL<\/em><\/span><\/p>\n<p><span style=\"font-size: large;\"><em>\u00a0<\/em><\/span><\/p>\n<p style=\"text-align: center;\"><span style=\"font-size: large;\"><strong>A TUA ORA\u00c7\u00c3O TEM MUITO PODER E \u00c9 EFICAZ!<\/strong><\/span><\/p>\n<p><span style=\"font-size: large;\"><em>\u00a0<\/em><em>\u00a0<\/em><\/span><\/p>\n<p><span style=\"font-size: large;\"><span style=\"color: #ff6600;\">Ora\u00e7\u00e3o: Senhor Deus, eu oro pelo meu Pa\u00eds, a minha Na\u00e7\u00e3o, por toda a gente. Eu oro pelo Presidente, por todos os governantes, que lhes possas dar sabedoria para governarem e espec\u00edficamente durante esta pandemia, Senhor guia-os da melhor maneira. Vem Senhor e perdoa-nos de todos os nossos pecados, sara o nosso povo, a nossa na\u00e7\u00e3o, a nossa economia, que os cora\u00e7\u00f5es dos homens e mulheres se virem para Ti e reverenciem o Teu Nome. Pe\u00e7o-te isto em nome do Pai, do Filho e do Esp\u00edrito Santo, Amem.<\/span><strong><span style=\"color: #ff6600;\">\u00a0\u00a0\u00a0<\/span>\u00a0\u00a0\u00a0\u00a0\u00a0\u00a0\u00a0\u00a0\u00a0\u00a0\u00a0\u00a0\u00a0\u00a0 \u00a0\u00a0\u00a0\u00a0\u00a0\u00a0\u00a0\u00a0\u00a0\u00a0\u00a0\u00a0\u00a0\u00a0\u00a0\u00a0\u00a0 \u00a0\u00a0\u00a0\u00a0\u00a0\u00a0\u00a0\u00a0\u00a0\u00a0\u00a0\u00a0\u00a0\u00a0\u00a0\u00a0\u00a0 \u00a0\u00a0\u00a0\u00a0\u00a0\u00a0\u00a0\u00a0\u00a0\u00a0\u00a0\u00a0\u00a0\u00a0\u00a0\u00a0\u00a0 <\/strong><\/span><\/p>\n<p style=\"text-align: center;\"><em><span>\u00a0\u00a0\u00a0\u00a0\u00a0\u00a0\u00a0\u00a0\u00a0\u00a0\u00a0\u00a0\u00a0\u00a0\u00a0\u00a0\u00a0\u00a0\u00a0\u00a0 VISITA-nos em INSTAGRAM: ameliamoinheiro \u00a0<\/span><\/em>\u00a0<\/p>\n<p style=\"text-align: center;\">Am\u00e9lia e Ant\u00f3nio Moinheiro \u2013 Medita\u00e7\u00f5es da Gra\u00e7a de Deus<\/p>\n<p>[\/et_pb_text][\/et_pb_column][\/et_pb_row][\/et_pb_section]<\/p>\n","protected":false},"excerpt":{"rendered":"<p>O PODER DA ORA\u00c7\u00c3O DE UM APENAS &#8230; &nbsp; Ap\u00f3s a ressurrei\u00e7\u00e3o de Jesus Cristo e sua ascens\u00e3o aos c\u00e9us, Jesus sentou-se no Trono, \u00e0 direita de Deus Pai, a orar, a interceder diante de Deus por ti, pela sua Igreja, pela humanidade: \u00a0 A ORA\u00c7\u0100O DE UM \u2013 JESUS \u2013 O MEDIADOR entre Deus [&hellip;]<\/p>\n","protected":false},"author":4,"featured_media":0,"comment_status":"closed","ping_status":"closed","sticky":false,"template":"","format":"standard","meta":{"_et_pb_use_builder":"on","_et_pb_old_content":"","_et_gb_content_width":"","footnotes":""},"categories":[33,31],"tags":[],"class_list":["post-1353","post","type-post","status-publish","format-standard","hentry","category-a-graca-de-deus","category-como-orar"],"_links":{"self":[{"href":"https:\/\/meditacoes-da-graca.com\/index.php\/wp-json\/wp\/v2\/posts\/1353","targetHints":{"allow":["GET"]}}],"collection":[{"href":"https:\/\/meditacoes-da-graca.com\/index.php\/wp-json\/wp\/v2\/posts"}],"about":[{"href":"https:\/\/meditacoes-da-graca.com\/index.php\/wp-json\/wp\/v2\/types\/post"}],"author":[{"embeddable":true,"href":"https:\/\/meditacoes-da-graca.com\/index.php\/wp-json\/wp\/v2\/users\/4"}],"replies":[{"embeddable":true,"href":"https:\/\/meditacoes-da-graca.com\/index.php\/wp-json\/wp\/v2\/comments?post=1353"}],"version-history":[{"count":3,"href":"https:\/\/meditacoes-da-graca.com\/index.php\/wp-json\/wp\/v2\/posts\/1353\/revisions"}],"predecessor-version":[{"id":1358,"href":"https:\/\/meditacoes-da-graca.com\/index.php\/wp-json\/wp\/v2\/posts\/1353\/revisions\/1358"}],"wp:attachment":[{"href":"https:\/\/meditacoes-da-graca.com\/index.php\/wp-json\/wp\/v2\/media?parent=1353"}],"wp:term":[{"taxonomy":"category","embeddable":true,"href":"https:\/\/meditacoes-da-graca.com\/index.php\/wp-json\/wp\/v2\/categories?post=1353"},{"taxonomy":"post_tag","embeddable":true,"href":"https:\/\/meditacoes-da-graca.com\/index.php\/wp-json\/wp\/v2\/tags?post=1353"}],"curies":[{"name":"wp","href":"https:\/\/api.w.org\/{rel}","templated":true}]}}