{"id":1329,"date":"2020-04-04T17:49:53","date_gmt":"2020-04-04T15:49:53","guid":{"rendered":"http:\/\/meditacoes-da-graca.com\/?p=1329"},"modified":"2020-04-04T17:49:54","modified_gmt":"2020-04-04T15:49:54","slug":"a-loud-cry-to-the-angels-of-the-church-2020","status":"publish","type":"post","link":"https:\/\/meditacoes-da-graca.com\/index.php\/2020\/04\/04\/a-loud-cry-to-the-angels-of-the-church-2020\/","title":{"rendered":"A LOUD CRY TO THE ANGELS OF THE CHURCH 2020"},"content":{"rendered":"<p>[et_pb_section fb_built=&#8221;1&#8243; fullwidth=&#8221;on&#8221; _builder_version=&#8221;3.22.3&#8243; custom_padding=&#8221;0px|||&#8221;][et_pb_fullwidth_image src=&#8221;http:\/\/meditacoes-da-graca.com\/wp-content\/uploads\/2017\/09\/Header-Image-new-9.jpg&#8221; _builder_version=&#8221;3.0.87&#8243; custom_margin=&#8221;0px||0px|&#8221; animation=&#8221;off&#8221; border_style=&#8221;solid&#8221; global_module=&#8221;328&#8243; saved_tabs=&#8221;all&#8221;][\/et_pb_fullwidth_image][\/et_pb_section][et_pb_section fb_built=&#8221;1&#8243; _builder_version=&#8221;3.22.3&#8243; custom_padding=&#8221;0px|||&#8221;][et_pb_row make_equal=&#8221;on&#8221; background_position_1=&#8221;top_left&#8221; background_position_2=&#8221;top_left&#8221; background_repeat_1=&#8221;no-repeat&#8221; background_repeat_2=&#8221;no-repeat&#8221; module_class=&#8221; et_pb_row_fullwidth&#8221; _builder_version=&#8221;3.22.3&#8243; width=&#8221;94%&#8221; width_tablet=&#8221;80%&#8221; width_last_edited=&#8221;on|desktop&#8221; max_width=&#8221;94%&#8221; max_width_tablet=&#8221;80%&#8221; max_width_last_edited=&#8221;on|desktop&#8221; make_fullwidth=&#8221;on&#8221;][et_pb_column type=&#8221;4_4&#8243; _builder_version=&#8221;3.0.47&#8243;][et_pb_text _builder_version=&#8221;3.24.1&#8243; border_style=&#8221;solid&#8221;]<\/p>\n<p>&nbsp;<\/p>\n<p style=\"text-align: center;\"><span style=\"font-size: x-large;\"><strong>A LOUD CRY TO THE ANGELS<br \/> <\/strong><strong>OF THE CURRENT CHURCH 2020&#8230;<\/strong><\/span><span><br \/> <span style=\"font-size: large;\">The \u2018five fold\u2019 ministry<\/span><\/span><\/p>\n<p><span style=\"font-size: large;\">\u00a0<\/span><\/p>\n<p style=\"text-align: center;\"><span style=\"font-size: large;\">Amidst all the distress, the global confusion, the world\u2019s current pandemic, the destruction, the falling of the world\u2019s economy &#8230;<\/span><\/p>\n<p style=\"text-align: center;\"><span style=\"font-size: large;\"><\/span><\/p>\n<p style=\"text-align: center;\"><span style=\"font-size: large;\">The Church of Christ globally, the Body of Christ, the Saints in Christ Jesus,<\/span><\/p>\n<p style=\"text-align: center;\"><span style=\"font-size: large;\">more than ever, <strong>need to UNITE!<\/strong><\/span><\/p>\n<p style=\"text-align: center;\"><span style=\"font-size: large;\">It is not time to critise the Church, to critise each other, <\/span><\/p>\n<p style=\"text-align: center;\"><span style=\"font-size: large;\">to speak against each other on the media&#8230; <\/span><\/p>\n<p style=\"text-align: center;\"><span style=\"font-size: large;\">\u00a0<\/span><\/p>\n<p style=\"text-align: center;\"><span style=\"font-size: large;\">It is more than time to announce <strong>how much God still loves<\/strong> <\/span><\/p>\n<p style=\"text-align: center;\"><span style=\"font-size: large;\">the World that He gave His only Son, Jesus &#8230;<\/span><\/p>\n<p style=\"text-align: center;\"><span style=\"font-size: large;\">God did not change, and He is not finished with <\/span><\/p>\n<p style=\"text-align: center;\"><span style=\"font-size: large;\">His plan and purpose for mankind.<\/span><\/p>\n<p style=\"text-align: center;\"><span style=\"font-size: large;\">\u00a0<\/span><\/p>\n<p style=\"text-align: center;\"><span style=\"font-size: large;\">Instead of spreading the \u2018breaking news\u2019 of what the devil is doing, not trying to be part of intel 5G truth or conspiracy, not saying Covid-19 doesn\u2019t exist &#8230;<\/span><\/p>\n<p style=\"text-align: center;\"><span style=\"font-size: large;\"> why don\u2019t we spread the Word and in ONE VOICE, <\/span><\/p>\n<p style=\"text-align: center;\"><span style=\"font-size: large;\"><strong>SPEAK OUT LOUD WHAT GOD IS DOING<\/strong>! <\/span><\/p>\n<p style=\"text-align: center;\"><span style=\"font-size: large;\">Revelation 5:11-14 &#8230;<\/span><\/p>\n<p style=\"text-align: center;\"><span style=\"font-size: large;\">\u00a0<\/span><\/p>\n<p style=\"text-align: center;\"><span style=\"font-size: large;\">More than ever, in this 2020 world crisis, the world needs salvation, needs healing, <br \/><\/span><span style=\"font-size: large;\">needs to turn to God and repent&#8230; <br \/>And what message is being sent out to the lost world? <br \/><strong>It is not the final judgement yet &#8230;<\/strong> <strong>there is still time for the lost to be saved, healed and delivered through our Lord Jesus Christ!<\/strong><\/span><\/p>\n<p style=\"text-align: center;\"><span style=\"font-size: large;\">\u00a0<\/span><\/p>\n<p style=\"text-align: center;\"><span style=\"font-size: large;\">Before we try to bring order to the dying world, we should bring order among ourselves, among the Church! Order starts first among us then the world&#8230; <\/span><\/p>\n<p style=\"text-align: center;\"><span style=\"font-size: large;\">and <strong>GOD\u2019S COMPASSION HASN\u2019T ENDED<\/strong> <strong>neither should ours!<\/strong><\/span><\/p>\n<p style=\"text-align: center;\"><span style=\"font-size: large;\">\u00a0<\/span><\/p>\n<p style=\"text-align: center;\"><span style=\"font-size: large;\"><strong>Let\u2019s show and send out the Word<\/strong> of God\u2019s compassion, <br \/>mercy, forgiveness, salvation and healing to the world in 2020!<\/span><\/p>\n<p style=\"text-align: center;\">\n<p style=\"text-align: center;\"><span style=\"font-size: large;\">Am\u00e9lia &amp; Ant\u00f3nio Moinheiro<br \/>MEDITA BLOG<br \/>2020, April 4<\/span><\/p>\n<p style=\"text-align: center;\"><span style=\"font-size: large;\"><a href=\"http:\/\/www.medita-na-graca-de-deus\">www.medita-na-graca-de-deus<\/a>\u00a0<\/span><br \/><span style=\"font-size: large;\">Medita\u00e7\u00f5es da Gra\u00e7a de Deus<\/span><\/p>\n<p>[\/et_pb_text][\/et_pb_column][\/et_pb_row][\/et_pb_section]<\/p>\n","protected":false},"excerpt":{"rendered":"<p>&nbsp; A LOUD CRY TO THE ANGELS OF THE CURRENT CHURCH 2020&#8230; The \u2018five fold\u2019 ministry \u00a0 Amidst all the distress, the global confusion, the world\u2019s current pandemic, the destruction, the falling of the world\u2019s economy &#8230; The Church of Christ globally, the Body of Christ, the Saints in Christ Jesus, more than ever, need [&hellip;]<\/p>\n","protected":false},"author":4,"featured_media":0,"comment_status":"closed","ping_status":"closed","sticky":false,"template":"","format":"standard","meta":{"_et_pb_use_builder":"on","_et_pb_old_content":"","_et_gb_content_width":"","footnotes":""},"categories":[33,39],"tags":[],"class_list":["post-1329","post","type-post","status-publish","format-standard","hentry","category-a-graca-de-deus","category-from-my-desk"],"_links":{"self":[{"href":"https:\/\/meditacoes-da-graca.com\/index.php\/wp-json\/wp\/v2\/posts\/1329","targetHints":{"allow":["GET"]}}],"collection":[{"href":"https:\/\/meditacoes-da-graca.com\/index.php\/wp-json\/wp\/v2\/posts"}],"about":[{"href":"https:\/\/meditacoes-da-graca.com\/index.php\/wp-json\/wp\/v2\/types\/post"}],"author":[{"embeddable":true,"href":"https:\/\/meditacoes-da-graca.com\/index.php\/wp-json\/wp\/v2\/users\/4"}],"replies":[{"embeddable":true,"href":"https:\/\/meditacoes-da-graca.com\/index.php\/wp-json\/wp\/v2\/comments?post=1329"}],"version-history":[{"count":3,"href":"https:\/\/meditacoes-da-graca.com\/index.php\/wp-json\/wp\/v2\/posts\/1329\/revisions"}],"predecessor-version":[{"id":1333,"href":"https:\/\/meditacoes-da-graca.com\/index.php\/wp-json\/wp\/v2\/posts\/1329\/revisions\/1333"}],"wp:attachment":[{"href":"https:\/\/meditacoes-da-graca.com\/index.php\/wp-json\/wp\/v2\/media?parent=1329"}],"wp:term":[{"taxonomy":"category","embeddable":true,"href":"https:\/\/meditacoes-da-graca.com\/index.php\/wp-json\/wp\/v2\/categories?post=1329"},{"taxonomy":"post_tag","embeddable":true,"href":"https:\/\/meditacoes-da-graca.com\/index.php\/wp-json\/wp\/v2\/tags?post=1329"}],"curies":[{"name":"wp","href":"https:\/\/api.w.org\/{rel}","templated":true}]}}