{"id":1301,"date":"2020-03-22T16:45:16","date_gmt":"2020-03-22T14:45:16","guid":{"rendered":"http:\/\/meditacoes-da-graca.com\/?p=1301"},"modified":"2020-03-22T17:08:59","modified_gmt":"2020-03-22T15:08:59","slug":"coronavirus-oracao-a-deus","status":"publish","type":"post","link":"https:\/\/meditacoes-da-graca.com\/index.php\/2020\/03\/22\/coronavirus-oracao-a-deus\/","title":{"rendered":"CORONAV\u00cdRUS &#8230; ORA\u00c7\u00c3O A DEUS"},"content":{"rendered":"<p>[et_pb_section fb_built=&#8221;1&#8243; fullwidth=&#8221;on&#8221; _builder_version=&#8221;3.22.3&#8243; custom_padding=&#8221;0px|||&#8221;][et_pb_fullwidth_image src=&#8221;http:\/\/meditacoes-da-graca.com\/wp-content\/uploads\/2017\/09\/Header-Image-new-9.jpg&#8221; _builder_version=&#8221;3.0.87&#8243; custom_margin=&#8221;0px||0px|&#8221; animation=&#8221;off&#8221; border_style=&#8221;solid&#8221; global_module=&#8221;328&#8243; saved_tabs=&#8221;all&#8221;][\/et_pb_fullwidth_image][\/et_pb_section][et_pb_section fb_built=&#8221;1&#8243; _builder_version=&#8221;3.22.3&#8243; custom_padding=&#8221;0px|||&#8221;][et_pb_row make_equal=&#8221;on&#8221; background_position_1=&#8221;top_left&#8221; background_position_2=&#8221;top_left&#8221; background_repeat_1=&#8221;no-repeat&#8221; background_repeat_2=&#8221;no-repeat&#8221; module_class=&#8221; et_pb_row_fullwidth&#8221; _builder_version=&#8221;3.22.3&#8243; width=&#8221;94%&#8221; width_tablet=&#8221;80%&#8221; width_last_edited=&#8221;on|desktop&#8221; max_width=&#8221;94%&#8221; max_width_tablet=&#8221;80%&#8221; max_width_last_edited=&#8221;on|desktop&#8221; make_fullwidth=&#8221;on&#8221;][et_pb_column type=&#8221;4_4&#8243; _builder_version=&#8221;3.0.47&#8243;][et_pb_text _builder_version=&#8221;3.24.1&#8243; border_style=&#8221;solid&#8221;]<\/p>\n<p style=\"text-align: center;\"><strong><\/strong><\/p>\n<p style=\"text-align: center;\"><span style=\"font-size: large;\"><strong>CORONAV\u00cdRUS &#8230;.\u00a0\u00a0 ORA\u00c7\u00c3O A DEUS<\/strong><\/span><\/p>\n<p>&nbsp;<\/p>\n<p>&nbsp;<\/p>\n<p>&nbsp;<\/p>\n<p style=\"text-align: center;\"><span style=\"color: #0000ff; font-size: large;\"><em>Senhor meu Deus, eu venho diante de Ti no nome de Jesus!<\/em><\/span><\/p>\n<p style=\"text-align: center;\"><span style=\"color: #0000ff; font-size: large;\"><em>\u00a0<\/em><\/span><\/p>\n<p style=\"text-align: center;\"><span style=\"color: #0000ff; font-size: large;\"><em>Nesta longa noite escura por todo o mundo,<\/em><\/span><\/p>\n<p style=\"text-align: center;\"><span style=\"color: #0000ff; font-size: large;\"><em>Onde o coronav\u00edrus avan\u00e7a por todo o lado,<\/em><\/span><\/p>\n<p style=\"text-align: center;\"><span style=\"color: #0000ff; font-size: large;\"><em>Destruindo vidas; separando fam\u00edlias, vizinhos, pa\u00edses, continentes&#8230;<\/em><\/span><\/p>\n<p style=\"text-align: center;\"><span style=\"color: #0000ff; font-size: large;\"><em>Trazendo confus\u00e3o; doen\u00e7a, sofrimento; morte; destrui\u00e7\u00e3o da economia do mundo, <\/em><\/span><\/p>\n<p style=\"text-align: center;\"><span style=\"color: #0000ff; font-size: large;\"><em>\u00a0<\/em><\/span><\/p>\n<p style=\"text-align: center;\"><span style=\"color: #0000ff; font-size: large;\"><em>Sabemos que n\u00e3o \u00e9s Tu Senhor quem enviou esta epidemia ao mundo, <\/em><\/span><\/p>\n<p style=\"text-align: center;\"><span style=\"color: #0000ff; font-size: large;\"><em>Tu enviaste o Teu Filho Jesus ao mundo n\u00e3o para o condenar mas para o salvar,<\/em><\/span><\/p>\n<p style=\"text-align: center;\"><span style=\"color: #0000ff; font-size: large;\"><em>Enviaste a Jesus para quem cr\u00ear n\u2019Ele tenha vida e vida com abund\u00e2ncia,<\/em><\/span><\/p>\n<p style=\"text-align: center;\"><span style=\"color: #0000ff; font-size: large;\"><em>\u00a0<\/em><\/span><\/p>\n<p style=\"text-align: center;\"><span style=\"color: #0000ff; font-size: large;\"><em>O Teu nome Jesus est\u00e1 acima de todo o nome e <\/em><\/span><\/p>\n<p style=\"text-align: center;\"><span style=\"color: #0000ff; font-size: large;\"><em>toda a autoridade nos c\u00e9us ou na terra,<\/em><\/span><\/p>\n<p style=\"text-align: center;\"><span style=\"color: #0000ff; font-size: large;\"><em>portanto o nome de Jesus tamb\u00e9m est\u00e1 acima do coronav\u00edrus,<\/em><\/span><\/p>\n<p style=\"text-align: center;\"><span style=\"color: #0000ff; font-size: large;\"><em>e esta epidemia n\u00e3o \u00e9 a autoridade m\u00e1xima no mundo&#8230;<\/em><\/span><\/p>\n<p style=\"text-align: center;\"><span style=\"color: #0000ff; font-size: large;\"><em>\u00a0<\/em><\/span><\/p>\n<p style=\"text-align: center;\"><span style=\"color: #0000ff; font-size: large;\"><em>Senhor Deus Criador dos C\u00e9us e da Terra,<\/em><\/span><\/p>\n<p style=\"text-align: center;\"><span style=\"color: #0000ff; font-size: large;\"><em>Vem intervir no nosso Planeta, em cada Cidade, Pa\u00eds ou Continente,<\/em><\/span><\/p>\n<p style=\"text-align: center;\"><span style=\"color: #0000ff; font-size: large;\"><em>Em cada povo de l\u00edngua, cor ou na\u00e7\u00e3o&#8230;<\/em><\/span><\/p>\n<p style=\"text-align: center;\"><span style=\"color: #0000ff; font-size: large;\"><em>Tu \u00e9s Deus Soberano, Tu \u00e9s Senhor, e a Ti somente rendemos a nossa adora\u00e7\u00e3o!<\/em><\/span><\/p>\n<p style=\"text-align: center;\"><span style=\"color: #0000ff; font-size: large;\"><em>A Ti somente clamamos para vires em nosso socorro&#8230;<\/em><\/span><\/p>\n<p style=\"text-align: center;\"><span style=\"color: #0000ff; font-size: large;\"><em>\u00a0<\/em><\/span><\/p>\n<p style=\"text-align: center;\"><span style=\"color: #0000ff; font-size: large;\"><em>Pedimos-Te perd\u00e3o por todos os pecados das na\u00e7\u00f5es, <\/em><\/span><\/p>\n<p style=\"text-align: center;\"><span style=\"color: #0000ff; font-size: large;\"><em>dos crimes cometidos, das idolatrias, das blasf\u00e9mias contra o Teu Nome&#8230;<\/em><\/span><\/p>\n<p style=\"text-align: center;\"><span style=\"color: #0000ff; font-size: large;\"><em>Perdoa os pecados que n\u00f3s cometemos, <\/em><\/span><\/p>\n<p style=\"text-align: center;\"><span style=\"color: #0000ff; font-size: large;\"><em>As vezes que vivemos distra\u00eddos e n\u00e3o dependemos de Ti&#8230;<\/em><\/span><\/p>\n<p style=\"text-align: center;\"><span style=\"color: #0000ff; font-size: large;\"><em>N\u00f3s tamb\u00e9m perdoamos aqueles que nos ofenderam,<\/em><\/span><\/p>\n<p style=\"text-align: center;\"><span style=\"color: #0000ff; font-size: large;\"><em>\u00a0<\/em><\/span><\/p>\n<p style=\"text-align: center;\"><span style=\"color: #0000ff; font-size: large;\"><em>Senhor Jesus, s\u00ea Tu a Te levantares nesta tempestade mundial pand\u00e9mica,<\/em><\/span><\/p>\n<p style=\"text-align: center;\"><span style=\"color: #0000ff; font-size: large;\"><em>Onde o nosso \u2018barco\u2019 o mundo encontra-se em \u2018alto mar\u2019 <\/em><\/span><\/p>\n<p style=\"text-align: center;\"><span style=\"color: #0000ff; font-size: large;\"><em>batido pelas \u2018ondas\u2019 do v\u00edrus, <\/em><\/span><\/p>\n<p style=\"text-align: center;\"><span style=\"color: #0000ff; font-size: large;\"><em>Levanta-te Senhor Jesus, assim como fizeste com os teus disc\u00edpulos, <\/em><\/span><\/p>\n<p style=\"text-align: center;\"><span style=\"color: #0000ff; font-size: large;\"><em>e repreende este vento amea\u00e7ador,<\/em><\/span><\/p>\n<p style=\"text-align: center;\"><span style=\"color: #0000ff; font-size: large;\"><em>Envia o vento do Teu Esp\u00edrito Santo, <\/em><\/span><\/p>\n<p style=\"text-align: center;\"><span style=\"color: #0000ff; font-size: large;\"><em>Trazendo cura, vida, salva\u00e7\u00e3o&#8230;<\/em><\/span><\/p>\n<p style=\"text-align: center;\"><span style=\"color: #0000ff; font-size: large;\"><em>Traz um reavivamento mundial, o teu Reino, pela Tua Igreja, a Tua Noiva,<\/em><\/span><\/p>\n<p style=\"text-align: center;\"><span style=\"color: #0000ff; font-size: large;\"><em>Que se prepara para a Tua vinda!<\/em><\/span><\/p>\n<p style=\"text-align: center;\"><span style=\"color: #0000ff; font-size: large;\"><em>\u00a0<\/em><\/span><\/p>\n<p style=\"text-align: center;\"><span style=\"color: #0000ff; font-size: large;\"><em>SHALOM &#8230; ORA VEM SENHOR JESUS!<\/em><\/span><\/p>\n<p style=\"text-align: center;\">Am\u00e9lia e Ant\u00f3nio Moinheiro \u2013 Medita\u00e7\u00f5es da Gra\u00e7a de Deus<\/p>\n<p>[\/et_pb_text][\/et_pb_column][\/et_pb_row][\/et_pb_section]<\/p>\n","protected":false},"excerpt":{"rendered":"<p>CORONAV\u00cdRUS &#8230;.\u00a0\u00a0 ORA\u00c7\u00c3O A DEUS &nbsp; &nbsp; &nbsp; Senhor meu Deus, eu venho diante de Ti no nome de Jesus! \u00a0 Nesta longa noite escura por todo o mundo, Onde o coronav\u00edrus avan\u00e7a por todo o lado, Destruindo vidas; separando fam\u00edlias, vizinhos, pa\u00edses, continentes&#8230; Trazendo confus\u00e3o; doen\u00e7a, sofrimento; morte; destrui\u00e7\u00e3o da economia do mundo, \u00a0 [&hellip;]<\/p>\n","protected":false},"author":4,"featured_media":0,"comment_status":"closed","ping_status":"closed","sticky":false,"template":"","format":"standard","meta":{"_et_pb_use_builder":"on","_et_pb_old_content":"","_et_gb_content_width":"","footnotes":""},"categories":[33,31],"tags":[],"class_list":["post-1301","post","type-post","status-publish","format-standard","hentry","category-a-graca-de-deus","category-como-orar"],"_links":{"self":[{"href":"https:\/\/meditacoes-da-graca.com\/index.php\/wp-json\/wp\/v2\/posts\/1301","targetHints":{"allow":["GET"]}}],"collection":[{"href":"https:\/\/meditacoes-da-graca.com\/index.php\/wp-json\/wp\/v2\/posts"}],"about":[{"href":"https:\/\/meditacoes-da-graca.com\/index.php\/wp-json\/wp\/v2\/types\/post"}],"author":[{"embeddable":true,"href":"https:\/\/meditacoes-da-graca.com\/index.php\/wp-json\/wp\/v2\/users\/4"}],"replies":[{"embeddable":true,"href":"https:\/\/meditacoes-da-graca.com\/index.php\/wp-json\/wp\/v2\/comments?post=1301"}],"version-history":[{"count":4,"href":"https:\/\/meditacoes-da-graca.com\/index.php\/wp-json\/wp\/v2\/posts\/1301\/revisions"}],"predecessor-version":[{"id":1311,"href":"https:\/\/meditacoes-da-graca.com\/index.php\/wp-json\/wp\/v2\/posts\/1301\/revisions\/1311"}],"wp:attachment":[{"href":"https:\/\/meditacoes-da-graca.com\/index.php\/wp-json\/wp\/v2\/media?parent=1301"}],"wp:term":[{"taxonomy":"category","embeddable":true,"href":"https:\/\/meditacoes-da-graca.com\/index.php\/wp-json\/wp\/v2\/categories?post=1301"},{"taxonomy":"post_tag","embeddable":true,"href":"https:\/\/meditacoes-da-graca.com\/index.php\/wp-json\/wp\/v2\/tags?post=1301"}],"curies":[{"name":"wp","href":"https:\/\/api.w.org\/{rel}","templated":true}]}}