{"id":1137,"date":"2019-01-07T12:33:32","date_gmt":"2019-01-07T10:33:32","guid":{"rendered":"http:\/\/meditacoes-da-graca.com\/?p=1137"},"modified":"2019-01-07T12:33:32","modified_gmt":"2019-01-07T10:33:32","slug":"nao-deixes-que-teus-erros-te-impecam-do-teu-destino","status":"publish","type":"post","link":"https:\/\/meditacoes-da-graca.com\/index.php\/2019\/01\/07\/nao-deixes-que-teus-erros-te-impecam-do-teu-destino\/","title":{"rendered":"N\u00c3O DEIXES QUE TEUS ERROS TE IMPE\u00c7AM DO TEU DESTINO"},"content":{"rendered":"<p>[et_pb_section bb_built=&#8221;1&#8243;][et_pb_row][et_pb_column type=&#8221;4_4&#8243;][et_pb_text _builder_version=&#8221;3.0.59&#8243; background_layout=&#8221;light&#8221; text_orientation=&#8221;center&#8221; border_style=&#8221;solid&#8221; saved_tabs=&#8221;all&#8221;]<\/p>\n<h2><span style=\"color: #ff6600;\">MEDITA\u00c7\u00d5ES DA GRA\u00c7A DE DEUS<\/span><\/h2>\n<h2><\/h2>\n<h2><strong>N\u00c3O DEIXES QUE OS TEUS ERROS TE IMPE\u00c7AM DO TEU DESTINO<\/strong><\/h2>\n<p>[\/et_pb_text][et_pb_text _builder_version=&#8221;3.0.59&#8243; background_layout=&#8221;light&#8221; text_orientation=&#8221;center&#8221; border_style=&#8221;solid&#8221; saved_tabs=&#8221;all&#8221;]<\/p>\n<p>&nbsp;<\/p>\n<p>&nbsp;<\/p>\n<p style=\"text-align: left;\"><span style=\"color: #000000;\">Na vida todos passamos por situa\u00e7\u00f5es onde tomamos decis\u00f5es erradas, cometemos falhas, trope\u00e7amos, ca\u00edmos, dizemos ou pensamos o que n\u00e3o dev\u00edamos.<\/span><\/p>\n<p>&nbsp;<\/p>\n<p style=\"text-align: center;\"><span style=\"color: #000000;\"><strong>N\u00e3o deixes que teus erros te impe\u00e7am do teu destino!<\/strong><\/span><\/p>\n<p>&nbsp;<\/p>\n<p style=\"text-align: left;\"><span style=\"color: #000000;\">Abra\u00e3o, conhecido como <strong>o amigo de Deus<\/strong>, cometeu v\u00e1rios erros, um deles por pequeno que seja e, como se costuma dizer na linguagem popular, disse uma \u2018mentira branca\u2019 ou uma \u2018meia mentira\u2019, que poderia ter sido fatal e impedido a gera\u00e7\u00e3o da \u2018semente da f\u00e9\u2019 atrav\u00e9s de seu \u00fanico filho Isaque, e a promessa de Deus em dar o Seu \u00fanico filho Jesus Cristo em nosso lugar. Quando sua mulher Sara foi cobi\u00e7ada pelo rei na terra de sua peregrina\u00e7\u00e3o, ele n\u00e3o assumiu que Sara era sua esposa mas antes sua irm\u00e3, uma meia verdade, pois tamb\u00e9m era sua irm\u00e3.<\/span><\/p>\n<p style=\"text-align: left;\">\n<p style=\"text-align: left;\"><span style=\"color: #000000;\">Jonas foi chamado por Deus como profeta e foi enviado \u00e0 terra inimiga e opressora de seu povo, com a mensagem que viria destrui\u00e7\u00e3o a Ninive devido \u00e0 medida do pecado deles ser t\u00e3o grande. Jonas resolveu fugir do plano de Deus, embarcou em dire\u00e7\u00e3o oposta, na mais turbulenta tempestade, foi atirado ao mar e engolido por um grande peixe. <strong>Na barriga do peixe ele orou a Deus e foi ouvido,<\/strong> foi cuspido na praia inteiro, desta vez disposto em ser o mensageiro enviado por Deus a Ninive, e cumprir a sua miss\u00e3o.<\/span><\/p>\n<p style=\"text-align: left;\">\n<p style=\"text-align: left;\"><span style=\"color: #000000;\">Pedro, um dos \u2018doze maiores\u2019, disc\u00edpulo de Jesus, negou-o tr\u00eas vezes no momento mais crucial e carente de Jesus quando foi tra\u00eddo, mal tratado t\u00e3o cruelmente e por fim crucificado. <strong>Tornou-se depois um dos Ap\u00f3stolos,<\/strong> autor de algumas ep\u00edstolas na B\u00edblia e m\u00e1rtir pela causa do evangelho de Jesus Cristo.<\/span><\/p>\n<p style=\"text-align: left;\">\n<p style=\"text-align: left;\"><span style=\"color: #000000;\">N\u00e3o deixes que os teus erros te impe\u00e7am do teu destino. Talvez enfrentaste um div\u00f3rcio, tomaste uma decis\u00e3o de neg\u00f3cio errada, envolveste-te num relacionamento que n\u00e3o devias ou um v\u00edcio que trouxe repercuss\u00f5es graves, escolhas erradas, enfim &#8230; Lembra-te que:<\/span><\/p>\n<p style=\"text-align: left;\">\n<p style=\"text-align: center;\"><span style=\"color: #000000;\"><strong>A miseric\u00f3rdia de Deus \u00e9 para quando erras. <\/strong>\u00a0<\/span><\/p>\n<p style=\"text-align: center;\"><span style=\"color: #000000;\"><strong>Deus \u00e9 o Deus que d\u00e1-te uma nova oportunidade.<\/strong><\/span><\/p>\n<p style=\"text-align: center;\"><span style=\"color: #000000;\"><strong>Precisas receber a Sua miseric\u00f3rdia para poderes cumprir o teu destino&#8230;.<\/strong><\/span><\/p>\n<p>&nbsp;<\/p>\n<p style=\"text-align: center;\"><span style=\"color: #0000ff;\"><strong><em>Suas miseric\u00f3rdias n\u00e3o tem fim; <\/em><\/strong><strong><em>renovam-se cada manh\u00e3<\/em><\/strong><strong><em>. <\/em><\/strong><em>Lamenta\u00e7\u00f5es 3:22-23 RA<\/em><\/span><\/p>\n<p style=\"text-align: center;\"><span style=\"color: #000000;\"><strong>\u00a0<\/strong><\/span><span style=\"color: #0000ff;\"><strong><em>Eis que nas palmas das minhas m\u00e3os eu te gravei. <\/em><\/strong><em>Isaias 49:16<\/em><\/span><\/p>\n<p style=\"text-align: left;\">\n<p style=\"text-align: left;\"><span style=\"color: #ff6600;\">Ora\u00e7\u00e3o:<em> Senhor meu Deus e Salvador, tem miseric\u00f3rdia de mim, n\u00e3o leves em conta os meus erros. Eu recebo o teu perd\u00e3o, a tua miseric\u00f3rdia, retira de mim o sentimento de culpa e toda a condena\u00e7\u00e3o. Firma os meus p\u00e9s sobre a Rocha firme que \u00e9 Jesus, e vem pelo teu Esp\u00edrito Santo encaminhar os meus passos no teu caminho da Salva\u00e7\u00e3o, da Paz, do teu Amor, da tua Miseric\u00f3rdia, em nome de Jesus Cristo, \u00c1men!<\/em><\/span><\/p>\n<p>[\/et_pb_text][et_pb_text _builder_version=&#8221;3.0.59&#8243; background_layout=&#8221;light&#8221; text_orientation=&#8221;center&#8221; border_style=&#8221;solid&#8221; saved_tabs=&#8221;all&#8221;]<\/p>\n<p style=\"text-align: center;\"><strong>Medita na Gra\u00e7a de Deus &#8211; Am\u00e9lia Moinheiro<\/strong><\/p>\n<p>[\/et_pb_text][\/et_pb_column][\/et_pb_row][\/et_pb_section]<\/p>\n","protected":false},"excerpt":{"rendered":"<p><div class=\"et_pb_row et_pb_row_0 et_pb_row_empty\">\n\t\t\t\t\n\t\t\t\t\n\t\t\t\t\n\t\t\t\t\n\t\t\t\t\n\t\t\t<\/div> MEDITA\u00c7\u00d5ES DA GRA\u00c7A DE DEUS N\u00c3O DEIXES QUE OS TEUS ERROS TE IMPE\u00c7AM DO TEU DESTINO &nbsp; &nbsp; Na vida todos passamos por situa\u00e7\u00f5es onde tomamos decis\u00f5es erradas, cometemos falhas, trope\u00e7amos, ca\u00edmos, dizemos ou pensamos o que n\u00e3o dev\u00edamos. &nbsp; N\u00e3o deixes que teus erros te impe\u00e7am do teu destino! &nbsp; Abra\u00e3o, conhecido como [&hellip;]<\/p>\n","protected":false},"author":4,"featured_media":0,"comment_status":"open","ping_status":"open","sticky":false,"template":"","format":"standard","meta":{"_et_pb_use_builder":"on","_et_pb_old_content":"","_et_gb_content_width":"","footnotes":""},"categories":[33,29],"tags":[],"class_list":["post-1137","post","type-post","status-publish","format-standard","hentry","category-a-graca-de-deus","category-vitoria-e-intervencao-divina"],"_links":{"self":[{"href":"https:\/\/meditacoes-da-graca.com\/index.php\/wp-json\/wp\/v2\/posts\/1137","targetHints":{"allow":["GET"]}}],"collection":[{"href":"https:\/\/meditacoes-da-graca.com\/index.php\/wp-json\/wp\/v2\/posts"}],"about":[{"href":"https:\/\/meditacoes-da-graca.com\/index.php\/wp-json\/wp\/v2\/types\/post"}],"author":[{"embeddable":true,"href":"https:\/\/meditacoes-da-graca.com\/index.php\/wp-json\/wp\/v2\/users\/4"}],"replies":[{"embeddable":true,"href":"https:\/\/meditacoes-da-graca.com\/index.php\/wp-json\/wp\/v2\/comments?post=1137"}],"version-history":[{"count":3,"href":"https:\/\/meditacoes-da-graca.com\/index.php\/wp-json\/wp\/v2\/posts\/1137\/revisions"}],"predecessor-version":[{"id":1140,"href":"https:\/\/meditacoes-da-graca.com\/index.php\/wp-json\/wp\/v2\/posts\/1137\/revisions\/1140"}],"wp:attachment":[{"href":"https:\/\/meditacoes-da-graca.com\/index.php\/wp-json\/wp\/v2\/media?parent=1137"}],"wp:term":[{"taxonomy":"category","embeddable":true,"href":"https:\/\/meditacoes-da-graca.com\/index.php\/wp-json\/wp\/v2\/categories?post=1137"},{"taxonomy":"post_tag","embeddable":true,"href":"https:\/\/meditacoes-da-graca.com\/index.php\/wp-json\/wp\/v2\/tags?post=1137"}],"curies":[{"name":"wp","href":"https:\/\/api.w.org\/{rel}","templated":true}]}}