{"id":1093,"date":"2018-03-25T18:40:06","date_gmt":"2018-03-25T16:40:06","guid":{"rendered":"http:\/\/meditacoes-da-graca.com\/?p=1093"},"modified":"2018-03-25T19:26:29","modified_gmt":"2018-03-25T17:26:29","slug":"de-vitoria-em-vitoria","status":"publish","type":"post","link":"https:\/\/meditacoes-da-graca.com\/index.php\/2018\/03\/25\/de-vitoria-em-vitoria\/","title":{"rendered":"DE VIT\u00d3RIA EM VIT\u00d3RIA"},"content":{"rendered":"<p>[et_pb_section bb_built=&#8221;1&#8243;][et_pb_row][et_pb_column type=&#8221;4_4&#8243;][et_pb_text _builder_version=&#8221;3.0.59&#8243; background_layout=&#8221;light&#8221; text_orientation=&#8221;center&#8221; border_style=&#8221;solid&#8221; saved_tabs=&#8221;all&#8221;]<\/p>\n<h2><span style=\"color: #ff6600;\">MEDITA\u00c7\u00d5ES DA GRA\u00c7A DE DEUS<\/span><\/h2>\n<h2><\/h2>\n<h2>DE VIT\u00d3RIA EM VIT\u00d3RIA<\/h2>\n<p>[\/et_pb_text][et_pb_text _builder_version=&#8221;3.0.59&#8243; background_layout=&#8221;light&#8221; text_orientation=&#8221;left&#8221; border_style=&#8221;solid&#8221; saved_tabs=&#8221;all&#8221;]<\/p>\n<h2><\/h2>\n<p>&nbsp;<\/p>\n<p><span style=\"color: #000000;\">\u00c9 interessante notar como treinam os elefantes beb\u00e9s no circo.\u00a0\u00a0 Enquanto pequenos, os treinadores atam uma corda \u00e0 volta do pesco\u00e7o e amarram-nos a um poste seguro. Os elefantes procuram andar, mas s\u00e3o impedidos pela corda. Por muito que puxem e lutem, acabam por entender que est\u00e3o presos, que n\u00e3o tem for\u00e7a que chegue para se livrarem e, por conseguinte, deixam de resistir.<\/span><\/p>\n<p>&nbsp;<\/p>\n<p><span style=\"color: #000000;\">Os treinadores assim fazem sucessivamente com os beb\u00e9s elefantes e, cada vez, o mesmo se repete at\u00e9 ao ponto que, quando tem a corda ao pesco\u00e7o, mesmo que n\u00e3o estejam atados ao poste, eles n\u00e3o saem do mesmo sitio. Depois de crescidos, no seu tamanho gigantesco, os mesmos, estando com a corda ao pesco\u00e7o, n\u00e3o discorrem que tem todo o poder para se livrarem de onde est\u00e3o, e permanecem no mesmo local.<\/span><\/p>\n<p><span style=\"color: #000000;\"><strong>\u00a0<\/strong><\/span><\/p>\n<p><span style=\"color: #000000;\"><strong>A vida crist\u00e3 \u00e9 para ser vivida de vit\u00f3ria em vit\u00f3ria, de livramento a livramento.<\/strong> Aquilo que Jesus veio fazer por ti, foi consumado na cruz do Calv\u00e1rio e no sepulcro vazio ap\u00f3s a Sua Ressurrei\u00e7\u00e3o. Os guilh\u00f5es, as correntes que tem te amarrado, seja no teu entendimento, no teu corpo, na tua alma&#8230; <strong>sabe que Jesus J\u00c1 TE LIBERTOU!<\/strong><\/span><\/p>\n<p>&nbsp;<\/p>\n<p><span style=\"color: #000000;\"><strong>O h\u00e1bito, <\/strong>\u00a0faz com que fiques paralizado nas mesmas coisas de sempre, nos mesmos v\u00edcios, nas mesmas formas de agir, o pr\u00f3prio pensamento fica amarrado <strong>\u2018ao poste da for\u00e7a do h\u00e1bito\u2019.<\/strong> A \u00fanica forma de quebrares deste c\u00edrculo vicioso \u00e9 por conheceres a Palavra de Deus, experimentares aquilo que Jesus fez por ti e te libertares no <strong>poder da Sua For\u00e7a em Cristo Jesus!<\/strong><\/span><\/p>\n<p><span style=\"color: #000000;\"><strong>\u00a0<\/strong><\/span><\/p>\n<p><span style=\"color: #000000;\">A fim de te libertares das coisas que te amarram, precisas sair da tua <strong>\u2018zona de conforto\u2019<\/strong>. Precisas experimentar mudan\u00e7a, precisas experimentar crescimento.<strong> N\u00e3o h\u00e1 crescimento sem mudan\u00e7a. <\/strong> Necessitas mudar o teu pensamento segundo o que diz a Palavra de Deus, a B\u00edblia. Talvez aprendeste assim desde que nasceste, mas agora conheces melhor os ensinos B\u00edblicos.<\/span><\/p>\n<p>&nbsp;<\/p>\n<p><span style=\"color: #ff6600;\">Ora\u00e7\u00e3o:<em> Senhor meu Deus e Pai, vem no poder do teu Santo Esp\u00edrito, no Poder da Palavra em Cristo Jesus renovar o meu entendimento. Vem libertar-me de tudo aquilo que me prende, que me amarra, que me impossibilita de viver a vida abundante que me deste pelo teu Filho Jesus. Vem encher-me no poder e na for\u00e7a do teu Santo Esp\u00edrito a fim de que a minha vida, todo o meu viver, alinhe com a Tua Palavra, com o Teu querer, em nome de Jesus, \u00c1men! <\/em><\/span><\/p>\n<p>[\/et_pb_text][et_pb_text _builder_version=&#8221;3.0.59&#8243; background_layout=&#8221;light&#8221; text_orientation=&#8221;center&#8221; border_style=&#8221;solid&#8221; saved_tabs=&#8221;all&#8221;]<\/p>\n<p style=\"text-align: center;\"><span style=\"color: #000000;\">Medita na Gra\u00e7a de Deus &#8211; Am\u00e9lia Moinheiro<\/span><\/p>\n<p>[\/et_pb_text][\/et_pb_column][\/et_pb_row][\/et_pb_section]<\/p>\n","protected":false},"excerpt":{"rendered":"<p><div class=\"et_pb_row et_pb_row_0 et_pb_row_empty\">\n\t\t\t\t\n\t\t\t\t\n\t\t\t\t\n\t\t\t\t\n\t\t\t\t\n\t\t\t<\/div> MEDITA\u00c7\u00d5ES DA GRA\u00c7A DE DEUS DE VIT\u00d3RIA EM VIT\u00d3RIA &nbsp; \u00c9 interessante notar como treinam os elefantes beb\u00e9s no circo.\u00a0\u00a0 Enquanto pequenos, os treinadores atam uma corda \u00e0 volta do pesco\u00e7o e amarram-nos a um poste seguro. Os elefantes procuram andar, mas s\u00e3o impedidos pela corda. Por muito que puxem e lutem, acabam por [&hellip;]<\/p>\n","protected":false},"author":4,"featured_media":0,"comment_status":"open","ping_status":"open","sticky":false,"template":"","format":"standard","meta":{"_et_pb_use_builder":"on","_et_pb_old_content":"","_et_gb_content_width":"","footnotes":""},"categories":[37,28,29],"tags":[],"class_list":["post-1093","post","type-post","status-publish","format-standard","hentry","category-favourites","category-relacionamentos-e-a-paz","category-vitoria-e-intervencao-divina"],"_links":{"self":[{"href":"https:\/\/meditacoes-da-graca.com\/index.php\/wp-json\/wp\/v2\/posts\/1093","targetHints":{"allow":["GET"]}}],"collection":[{"href":"https:\/\/meditacoes-da-graca.com\/index.php\/wp-json\/wp\/v2\/posts"}],"about":[{"href":"https:\/\/meditacoes-da-graca.com\/index.php\/wp-json\/wp\/v2\/types\/post"}],"author":[{"embeddable":true,"href":"https:\/\/meditacoes-da-graca.com\/index.php\/wp-json\/wp\/v2\/users\/4"}],"replies":[{"embeddable":true,"href":"https:\/\/meditacoes-da-graca.com\/index.php\/wp-json\/wp\/v2\/comments?post=1093"}],"version-history":[{"count":1,"href":"https:\/\/meditacoes-da-graca.com\/index.php\/wp-json\/wp\/v2\/posts\/1093\/revisions"}],"predecessor-version":[{"id":1094,"href":"https:\/\/meditacoes-da-graca.com\/index.php\/wp-json\/wp\/v2\/posts\/1093\/revisions\/1094"}],"wp:attachment":[{"href":"https:\/\/meditacoes-da-graca.com\/index.php\/wp-json\/wp\/v2\/media?parent=1093"}],"wp:term":[{"taxonomy":"category","embeddable":true,"href":"https:\/\/meditacoes-da-graca.com\/index.php\/wp-json\/wp\/v2\/categories?post=1093"},{"taxonomy":"post_tag","embeddable":true,"href":"https:\/\/meditacoes-da-graca.com\/index.php\/wp-json\/wp\/v2\/tags?post=1093"}],"curies":[{"name":"wp","href":"https:\/\/api.w.org\/{rel}","templated":true}]}}