{"id":1091,"date":"2018-03-25T16:57:07","date_gmt":"2018-03-25T14:57:07","guid":{"rendered":"http:\/\/meditacoes-da-graca.com\/?p=1091"},"modified":"2018-03-25T16:57:07","modified_gmt":"2018-03-25T14:57:07","slug":"a-expectativa-das-meditacoes","status":"publish","type":"post","link":"https:\/\/meditacoes-da-graca.com\/index.php\/2018\/03\/25\/a-expectativa-das-meditacoes\/","title":{"rendered":"A EXPECTATIVA DAS MEDITA\u00c7\u00d5ES"},"content":{"rendered":"<p>[et_pb_section bb_built=&#8221;1&#8243;][et_pb_row][et_pb_column type=&#8221;4_4&#8243;][et_pb_text _builder_version=&#8221;3.0.59&#8243; background_layout=&#8221;light&#8221; text_orientation=&#8221;center&#8221; border_style=&#8221;solid&#8221; saved_tabs=&#8221;all&#8221;]<\/p>\n<h2><span style=\"color: #ff6600;\">MEDITA\u00c7\u00d5ES DA GRA\u00c7A DE DEUS<\/span><\/h2>\n<h2><\/h2>\n<h2>A EXPECTATIVA DAS MEDITA\u00c7\u00d5ES<\/h2>\n<p>[\/et_pb_text][et_pb_text _builder_version=&#8221;3.0.59&#8243; background_layout=&#8221;light&#8221; text_orientation=&#8221;center&#8221; border_style=&#8221;solid&#8221; saved_tabs=&#8221;all&#8221;]<\/p>\n<h2><\/h2>\n<p>&nbsp;<\/p>\n<p><span style=\"color: #000000;\">As Medita\u00e7\u00f5es da Gra\u00e7a de Deus resultaram de uma paix\u00e3o de expressar <strong>\u201c\u00e0 minha maneira\u201d<\/strong> o imenso amor de Deus para com a humanidade, em trazer \u00e0 superf\u00edcie a proximidade e intimidade que Deus deseja ter e de conviver connosco di\u00e1riamente.<\/span><\/p>\n<p>&nbsp;<\/p>\n<p><span style=\"color: #000000;\">Se fosse cantora, a minha inspira\u00e7\u00e3o seria expressada em canto. Procuraria escrever novas can\u00e7\u00f5es, diversos temas, e atrav\u00e9s da m\u00fasica, interpretaria o amor de Deus de forma que <strong>motivasse, movesse o p\u00fablico. <\/strong><\/span><\/p>\n<p>&nbsp;<\/p>\n<p><span style=\"color: #000000;\">A iniciativa do lan\u00e7amento das Medita\u00e7\u00f5es nasceu <strong>na maior ocupa\u00e7\u00e3o do meu trabalho<\/strong>, n\u00e3o foi fruto do aproveitamento de tempo livre mas em pleno desempenho, algumas vezes, do tempo inoportuno ou no meio das condi\u00e7\u00f5es mais alheias.<\/span><\/p>\n<p>&nbsp;<\/p>\n<p><span style=\"color: #000000;\"><strong>A paix\u00e3o dentro de n\u00f3s,<\/strong> dentro dos par\u00e2metros do bom senso e os princ\u00edpios crist\u00e3os, cabe-nos a n\u00f3s identificar, submet\u00ea-los a Deus, e corrermos com a vis\u00e3o.<\/span><\/p>\n<p>&nbsp;<\/p>\n<p><span style=\"color: #000000;\"><strong>Qual a tua paix\u00e3o? Como desejas ser usado por Deus? <\/strong><\/span><\/p>\n<p><span style=\"color: #000000;\"><em>\u00a0<\/em><\/span><\/p>\n<ul>\n<li style=\"text-align: center;\"><span style=\"color: #000000;\"><em>Desejas ver os <strong>doentes sarados?<\/strong> <\/em><\/span><\/li>\n<\/ul>\n<p style=\"text-align: center;\"><span style=\"color: #000000;\">Aplica os ensinos b\u00edblicos de cura divina e come\u00e7a a orar pelos enfermos.<\/span><\/p>\n<ul style=\"text-align: center;\">\n<li><span style=\"color: #000000;\"><em>Desejas ver mais <\/em><strong><em>pessoas salvas<\/em><\/strong><em> por Cristo? <\/em><\/span><\/li>\n<\/ul>\n<p style=\"text-align: center;\"><span style=\"color: #000000;\">Fala-lhes do amor de Jesus.<\/span><\/p>\n<ul style=\"text-align: center;\">\n<li><span style=\"color: #000000;\"><em>Desejas trazer uma palavra de conforto, de <\/em><strong><em>ajuda aos aflitos?<\/em><\/strong><\/span><\/li>\n<\/ul>\n<p style=\"text-align: center;\"><span style=\"color: #000000;\">Procura \u00e0 tua volta quem possas ajudar.<\/span><\/p>\n<p>&nbsp;<\/p>\n<p><span style=\"color: #000000;\"><strong>A iniciativa parte de ti<\/strong>, a rendi\u00e7\u00e3o, a Deus Pai que aben\u00e7oar\u00e1 e guiar\u00e1. V\u00ea os projetos do teu cora\u00e7\u00e3o e, aos submete-los a Deus, \u00e0 medida que segues o caminho adiante, com a Sua dire\u00e7\u00e3o, o teu destino, a ess\u00eancia da tua exist\u00eancia, Deus ser\u00e1 contigo. Coloca as tuas expectativas diante de Deus e pede-Lhe que te encaminhe.<\/span><\/p>\n<p>&nbsp;<\/p>\n<p><span style=\"color: #ff6600;\"><em>Ora\u00e7\u00e3o: <\/em><em>Senhor Deus, eu venho render a Ti os meus planos, os projetos do meu cora\u00e7\u00e3o. Se houver em mim algum plano que n\u00e3o seja para bem, vem antes colocar em mim o teu querer. Vem Senhor, no poder do Esp\u00edrito Santo, habilitar-me a correr com esta vis\u00e3o e a desempenh\u00e1-la da melhor forma e dentro dos teus des\u00edgnios e teus prop\u00f3sitos, no nome de Jesus, \u00c1men. <\/em><\/span><\/p>\n<p>[\/et_pb_text][et_pb_text _builder_version=&#8221;3.0.59&#8243; background_layout=&#8221;light&#8221; text_orientation=&#8221;center&#8221; border_style=&#8221;solid&#8221; saved_tabs=&#8221;all&#8221;]<\/p>\n<p style=\"text-align: center;\"><span style=\"color: #000000;\">Medita na Gra\u00e7a de Deus &#8211; Am\u00e9lia Moinheiro<\/span><\/p>\n<p>[\/et_pb_text][\/et_pb_column][\/et_pb_row][\/et_pb_section]<\/p>\n","protected":false},"excerpt":{"rendered":"<p><div class=\"et_pb_row et_pb_row_0 et_pb_row_empty\">\n\t\t\t\t\n\t\t\t\t\n\t\t\t\t\n\t\t\t\t\n\t\t\t\t\n\t\t\t<\/div> MEDITA\u00c7\u00d5ES DA GRA\u00c7A DE DEUS A EXPECTATIVA DAS MEDITA\u00c7\u00d5ES &nbsp; As Medita\u00e7\u00f5es da Gra\u00e7a de Deus resultaram de uma paix\u00e3o de expressar \u201c\u00e0 minha maneira\u201d o imenso amor de Deus para com a humanidade, em trazer \u00e0 superf\u00edcie a proximidade e intimidade que Deus deseja ter e de conviver connosco di\u00e1riamente. &nbsp; Se fosse [&hellip;]<\/p>\n","protected":false},"author":4,"featured_media":0,"comment_status":"open","ping_status":"open","sticky":false,"template":"","format":"standard","meta":{"_et_pb_use_builder":"on","_et_pb_old_content":"","_et_gb_content_width":"","footnotes":""},"categories":[33,32,39],"tags":[],"class_list":["post-1091","post","type-post","status-publish","format-standard","hentry","category-a-graca-de-deus","category-fe-cura-e-milagres","category-from-my-desk"],"_links":{"self":[{"href":"https:\/\/meditacoes-da-graca.com\/index.php\/wp-json\/wp\/v2\/posts\/1091","targetHints":{"allow":["GET"]}}],"collection":[{"href":"https:\/\/meditacoes-da-graca.com\/index.php\/wp-json\/wp\/v2\/posts"}],"about":[{"href":"https:\/\/meditacoes-da-graca.com\/index.php\/wp-json\/wp\/v2\/types\/post"}],"author":[{"embeddable":true,"href":"https:\/\/meditacoes-da-graca.com\/index.php\/wp-json\/wp\/v2\/users\/4"}],"replies":[{"embeddable":true,"href":"https:\/\/meditacoes-da-graca.com\/index.php\/wp-json\/wp\/v2\/comments?post=1091"}],"version-history":[{"count":1,"href":"https:\/\/meditacoes-da-graca.com\/index.php\/wp-json\/wp\/v2\/posts\/1091\/revisions"}],"predecessor-version":[{"id":1092,"href":"https:\/\/meditacoes-da-graca.com\/index.php\/wp-json\/wp\/v2\/posts\/1091\/revisions\/1092"}],"wp:attachment":[{"href":"https:\/\/meditacoes-da-graca.com\/index.php\/wp-json\/wp\/v2\/media?parent=1091"}],"wp:term":[{"taxonomy":"category","embeddable":true,"href":"https:\/\/meditacoes-da-graca.com\/index.php\/wp-json\/wp\/v2\/categories?post=1091"},{"taxonomy":"post_tag","embeddable":true,"href":"https:\/\/meditacoes-da-graca.com\/index.php\/wp-json\/wp\/v2\/tags?post=1091"}],"curies":[{"name":"wp","href":"https:\/\/api.w.org\/{rel}","templated":true}]}}