{"id":1079,"date":"2018-03-25T16:38:58","date_gmt":"2018-03-25T14:38:58","guid":{"rendered":"http:\/\/meditacoes-da-graca.com\/?p=1079"},"modified":"2018-03-25T16:38:58","modified_gmt":"2018-03-25T14:38:58","slug":"adiar-evitar-ou-resolver","status":"publish","type":"post","link":"https:\/\/meditacoes-da-graca.com\/index.php\/2018\/03\/25\/adiar-evitar-ou-resolver\/","title":{"rendered":"ADIAR, EVITAR OU RESOLVER?"},"content":{"rendered":"<p>[et_pb_section bb_built=&#8221;1&#8243;][et_pb_row][et_pb_column type=&#8221;4_4&#8243;][et_pb_text _builder_version=&#8221;3.0.59&#8243; background_layout=&#8221;light&#8221; text_orientation=&#8221;center&#8221; border_style=&#8221;solid&#8221; saved_tabs=&#8221;all&#8221;]<\/p>\n<h2><span style=\"color: #ff6600;\">MEDITA\u00c7\u00d5ES DA GRA\u00c7A DE DEUS<\/span><\/h2>\n<h2><\/h2>\n<h2>ADIAR, EVITAR OU RESOLVER?<\/h2>\n<p>[\/et_pb_text][et_pb_text _builder_version=&#8221;3.0.59&#8243; background_layout=&#8221;light&#8221; text_orientation=&#8221;left&#8221; border_style=&#8221;solid&#8221; saved_tabs=&#8221;all&#8221;]<\/p>\n<h2><\/h2>\n<p>&nbsp;<\/p>\n<p style=\"text-align: center;\"><span style=\"color: #000000;\"><em>Na parab\u00f3la que Jesus contou da vi\u00fava persistente que buscara justi\u00e7a, o Ju<\/em><em>\u00edz em quest\u00e3o foi considerado por Jesus pelo \u2018<u>Juiz injusto\u2019 <\/u> t\u00e3o somente por haver adiado ou evitado \u2018procrastinado\u2019 o ju\u00edzo. <\/em><\/span><\/p>\n<p style=\"text-align: center;\"><span style=\"color: #000000;\"><em>O mesmo<strong>, apenas tomou a\u00e7\u00e3o<\/strong> e resolveu o caso para se livrar da impertin\u00eancia da vi\u00fava.<sup>1\u00a0\u00a0 <\/sup><\/em><\/span><\/p>\n<p><span style=\"color: #000000;\"><em><sup>\u00a0<\/sup><\/em><\/span><\/p>\n<p><span style=\"color: #000000;\">Como te sentirias se viesses diante do altar de Deus Pai em ora\u00e7\u00e3o para lhe apresentares a dor que carregas, alguma enfermidade, ansiedade ou qualquer peti\u00e7\u00e3o e tua <strong>\u2018audi\u00eancia\u2019 fosse adiada<\/strong>, ou evitada?<\/span><\/p>\n<p>&nbsp;<\/p>\n<p><span style=\"color: #000000;\">Como \u00e9 bom saber que Deus \u00e9 o Justo Juiz! Quando vens a Ele em nome de Jesus, no nome d\u2019Aquele que te justifica, <strong>tens acesso imediato<\/strong>. Ele n\u00e3o adia o teu encontro e n\u00e3o te evita, ao contrario do \u2018injusto ju\u00edz\u2019 acima.<\/span><\/p>\n<p>&nbsp;<\/p>\n<p><span style=\"color: #000000;\">No nosso dia a dia, nos nossos afazeres, deparamos com determinadas dificuldades, responsabilidades, desafios e, perante o n\u00edvel de dificuldade apresentado ou <strong>o n\u00edvel de gratifica\u00e7\u00e3o<\/strong>, adia-se, evita-se ou resolve-se?\u00a0\u00a0<\/span><\/p>\n<p>&nbsp;<\/p>\n<p><span style=\"color: #000000;\">A procrastina\u00e7\u00e3o disse: <em> <strong>\u201cEstou muito ocupado a fazer coisas que n\u00e3o preciso para evitar fazer as coisas que sei que devo fazer\u201d.<\/strong><\/em><\/span><\/p>\n<p><span style=\"color: #000000;\"><strong><em>\u00a0<\/em><\/strong><\/span><\/p>\n<p><span style=\"color: #000000;\">Uma a\u00e7\u00e3o adiada ou evitada poder\u00e1 resultar numa montanha \u2018Everest\u2019.<\/span><\/p>\n<p>&nbsp;<\/p>\n<ul>\n<li><span style=\"color: #000000;\">Nos <strong>relacionamentos<\/strong>, poder\u00e1 resultar em \u2018conflito adiado\u2019<\/span><\/li>\n<li><span style=\"color: #000000;\">No <strong>trabalho<\/strong> em \u2018objetivo n\u00e3o atingido\u2019<\/span><\/li>\n<li><span style=\"color: #000000;\">Na <strong>vida financeira<\/strong> em \u2018mais dividas\u2019<\/span><\/li>\n<li><span style=\"color: #000000;\">Na <strong>sa\u00fade<\/strong>, \u2018na sua falta\u2019 ou \u2018possivel obesidade\u2019<\/span><\/li>\n<li><span style=\"color: #000000;\">Na <strong>vida espiritual<\/strong>, \u2018a descren\u00e7a\u2019, \u2018nenhuma f\u00e9\u2019<\/span><\/li>\n<\/ul>\n<p>&nbsp;<\/p>\n<p><span style=\"color: #000000;\">Deus deseja apressar na tua vida coisas novas! Os planos que Ele tem para ti s\u00e3o planos de te fazer prosperar, s\u00e3o planos de te vivificar, dar-te vida e vida com abund\u00e2ncia. Ele deseja sarar os teus relacionamentos, Ele deseja apressar a tua reconcilia\u00e7\u00e3o com o teu pr\u00f3ximo, <strong>Ele deseja fazer ressuscitar dentro de ti<\/strong> um cora\u00e7\u00e3o tenro \u00e0 sua voz, \u00e0 sua Palavra.<\/span><\/p>\n<p>&nbsp;<\/p>\n<p><span style=\"color: #000000;\">Deus se apressa em <strong>trazer restaura\u00e7\u00e3o na tua vida<\/strong>, a cumprir as Suas promessas sem quaisquer demoras. Levanta-te em f\u00e9, toma a a\u00e7\u00e3o que sabes que deves tomar, confia n\u2019Ele para te guiar os passos seguintes e vai em frente! As coisas que tens protelado em tua vida, possivelmente para evitar enfrentar alguma dor, o resultado do adiamento tem te causado ainda mais dor!<\/span><\/p>\n<p>&nbsp;<\/p>\n<p><span style=\"color: #000000;\"><strong>Vai na for\u00e7a de Deus,<\/strong> em f\u00e9, no poder do Santo Esp\u00edrito e deixa que Deus te VIVIFIQUE, apresse a Sua obra em ti e responda \u00e0 tua peti\u00e7\u00e3o, \u00e0 tua car\u00eancia!<\/span><\/p>\n<p>&nbsp;<\/p>\n<p style=\"text-align: center;\"><span style=\"color: #000000;\"><em><span style=\"color: #0000ff;\">N\u00e3o to mandei eu? <strong>S\u00ea forte e corajoso<\/strong>; n\u00e3o temas, nem te espantes, <\/span><\/em><\/span><\/p>\n<p style=\"text-align: center;\"><span style=\"color: #000000;\"><em><span style=\"color: #0000ff;\">porque o SENHOR, teu Deus, \u00e9 contigo por onde quer que andares. <\/span><sup><span style=\"color: #0000ff;\">2\u00a0\u00a0\u00a0\u00a0\u00a0\u00a0\u00a0\u00a0\u00a0\u00a0\u00a0\u00a0\u00a0\u00a0\u00a0\u00a0\u00a0\u00a0<\/span> <\/sup><\/em><\/span><\/p>\n<p>&nbsp;<\/p>\n<p><span style=\"color: #ff6600;\">Ora\u00e7\u00e3o:<em> Senhor Deus, vem pelo teu Esp\u00edrito Santo trazer convic\u00e7\u00e3o no meu cora\u00e7\u00e3o das coisas que tenho protelado na minha vida, vem me mostrar qual a a\u00e7\u00e3o que eu devo tomar, o que eu devo fazer. Eu recebo o teu perd\u00e3o, vem me fortalecer para me levantar em f\u00e9, na Tua for\u00e7a, no Teu poder que vivifica, o poder da ressurrei\u00e7\u00e3o e trazeres nova vida nesta situa\u00e7\u00e3o (diz aqui qual &#8230;) neste relacionamento, em nome de Jesus, \u00c1men!<\/em><\/span><\/p>\n<p><span style=\"color: #000000;\"><em><sup>1<\/sup><\/em><em>Lucas 18; <\/em><em><sup>2<\/sup><\/em><em> Josue 1:9 RA<\/em><\/span><\/p>\n<p>[\/et_pb_text][et_pb_text _builder_version=&#8221;3.0.59&#8243; background_layout=&#8221;light&#8221; text_orientation=&#8221;center&#8221; border_style=&#8221;solid&#8221; saved_tabs=&#8221;all&#8221;]<\/p>\n<p style=\"text-align: center;\"><span style=\"color: #000000;\">Medita na Gra\u00e7a de Deus &#8211; Am\u00e9lia Moinheiro<\/span><\/p>\n<p>[\/et_pb_text][\/et_pb_column][\/et_pb_row][\/et_pb_section]<\/p>\n","protected":false},"excerpt":{"rendered":"<p><div class=\"et_pb_row et_pb_row_0 et_pb_row_empty\">\n\t\t\t\t\n\t\t\t\t\n\t\t\t\t\n\t\t\t\t\n\t\t\t\t\n\t\t\t<\/div> MEDITA\u00c7\u00d5ES DA GRA\u00c7A DE DEUS ADIAR, EVITAR OU RESOLVER? &nbsp; Na parab\u00f3la que Jesus contou da vi\u00fava persistente que buscara justi\u00e7a, o Ju\u00edz em quest\u00e3o foi considerado por Jesus pelo \u2018Juiz injusto\u2019 t\u00e3o somente por haver adiado ou evitado \u2018procrastinado\u2019 o ju\u00edzo. O mesmo, apenas tomou a\u00e7\u00e3o e resolveu o caso para se livrar [&hellip;]<\/p>\n","protected":false},"author":4,"featured_media":0,"comment_status":"open","ping_status":"open","sticky":false,"template":"","format":"standard","meta":{"_et_pb_use_builder":"on","_et_pb_old_content":"","_et_gb_content_width":"","footnotes":""},"categories":[29],"tags":[],"class_list":["post-1079","post","type-post","status-publish","format-standard","hentry","category-vitoria-e-intervencao-divina"],"_links":{"self":[{"href":"https:\/\/meditacoes-da-graca.com\/index.php\/wp-json\/wp\/v2\/posts\/1079","targetHints":{"allow":["GET"]}}],"collection":[{"href":"https:\/\/meditacoes-da-graca.com\/index.php\/wp-json\/wp\/v2\/posts"}],"about":[{"href":"https:\/\/meditacoes-da-graca.com\/index.php\/wp-json\/wp\/v2\/types\/post"}],"author":[{"embeddable":true,"href":"https:\/\/meditacoes-da-graca.com\/index.php\/wp-json\/wp\/v2\/users\/4"}],"replies":[{"embeddable":true,"href":"https:\/\/meditacoes-da-graca.com\/index.php\/wp-json\/wp\/v2\/comments?post=1079"}],"version-history":[{"count":2,"href":"https:\/\/meditacoes-da-graca.com\/index.php\/wp-json\/wp\/v2\/posts\/1079\/revisions"}],"predecessor-version":[{"id":1081,"href":"https:\/\/meditacoes-da-graca.com\/index.php\/wp-json\/wp\/v2\/posts\/1079\/revisions\/1081"}],"wp:attachment":[{"href":"https:\/\/meditacoes-da-graca.com\/index.php\/wp-json\/wp\/v2\/media?parent=1079"}],"wp:term":[{"taxonomy":"category","embeddable":true,"href":"https:\/\/meditacoes-da-graca.com\/index.php\/wp-json\/wp\/v2\/categories?post=1079"},{"taxonomy":"post_tag","embeddable":true,"href":"https:\/\/meditacoes-da-graca.com\/index.php\/wp-json\/wp\/v2\/tags?post=1079"}],"curies":[{"name":"wp","href":"https:\/\/api.w.org\/{rel}","templated":true}]}}