{"id":1075,"date":"2018-03-25T16:21:28","date_gmt":"2018-03-25T14:21:28","guid":{"rendered":"http:\/\/meditacoes-da-graca.com\/?p=1075"},"modified":"2018-03-25T16:21:28","modified_gmt":"2018-03-25T14:21:28","slug":"deus-demora-em-tomar-acao","status":"publish","type":"post","link":"https:\/\/meditacoes-da-graca.com\/index.php\/2018\/03\/25\/deus-demora-em-tomar-acao\/","title":{"rendered":"DEUS DEMORA EM TOMAR A\u00c7\u00c3O?"},"content":{"rendered":"<p>[et_pb_section bb_built=&#8221;1&#8243;][et_pb_row][et_pb_column type=&#8221;4_4&#8243;][et_pb_text _builder_version=&#8221;3.0.59&#8243; background_layout=&#8221;light&#8221; text_orientation=&#8221;center&#8221; border_style=&#8221;solid&#8221; saved_tabs=&#8221;all&#8221;]<\/p>\n<h2><span style=\"color: #ff6600;\">MEDITA\u00c7\u00d5ES DA GRA\u00c7A DE DEUS<\/span><\/h2>\n<h2><\/h2>\n<h2>DEUS DEMORA EM TOMAR A\u00c7\u00c3O?<\/h2>\n<p>[\/et_pb_text][et_pb_text _builder_version=&#8221;3.0.59&#8243; background_layout=&#8221;light&#8221; text_orientation=&#8221;left&#8221; border_style=&#8221;solid&#8221; saved_tabs=&#8221;all&#8221;]<\/p>\n<h2><\/h2>\n<p>&nbsp;<\/p>\n<p><span style=\"color: #000000;\">J\u00e1 te encontraste numa situa\u00e7\u00e3o que pareceu-te que Deus n\u00e3o tenha tomado a\u00e7\u00e3o a tempo, ou que n\u00e3o tenha respondido \u00e0 tua prece?<\/span><\/p>\n<p>&nbsp;<\/p>\n<p style=\"text-align: center;\"><span style=\"color: #000000;\"><em>Marta soube que Jesus vinha a caminho de sua casa e foi ter ao Seu encontro. Seu irm\u00e3o L\u00e1zaro havia morrido. Marta disse-Lhe, <\/em><\/span><\/p>\n<p style=\"text-align: center;\"><span style=\"color: #000000;\"><em>\u2018Ah, Senhor, se estivesses aqui o meu irm\u00e3o n\u00e3o teria morrido\u2019. <\/em><\/span><\/p>\n<p style=\"text-align: center;\"><span style=\"color: #000000;\"><em>\u00a0<\/em><\/span><\/p>\n<p style=\"text-align: center;\"><span style=\"color: #000000;\"><em>Jesus perguntou \u2018Onde o puseram? <strong>Retirai a pedra&#8230;\u2019<\/strong> Marta disse \u2018Senhor, j\u00e1 cheira mal, pois j\u00e1 morreu h\u00e1 quatro dias\u2019. <\/em><\/span><\/p>\n<p><span style=\"color: #000000;\"><em>\u00a0<\/em><\/span><\/p>\n<p style=\"text-align: center;\"><span style=\"color: #0000ff;\"><em>Jesus disse-lhe:<\/em><\/span><\/p>\n<p style=\"text-align: center;\"><span style=\"color: #0000ff;\"><em>\u2018N\u00e3o te disse que, <strong>se creres, ver\u00e1s a gl\u00f3ria de Deus?\u2019<\/strong> <\/em><\/span><\/p>\n<p style=\"text-align: center;\"><span style=\"color: #0000ff;\"><em>Clamou depois em alta voz \u2018 Lazaro sai para fora\u2019. E o morto saiu. <sup>1 <\/sup>\u00a0<\/em><\/span><\/p>\n<p>&nbsp;<\/p>\n<p style=\"text-align: left;\"><span style=\"color: #000000;\">As escrituras que encontramos na B\u00edblia que falam que Deus \u00e9 tardio, s\u00e3o bem expl\u00edcitas naquilo em que Ele \u00e9 tardio:<\/span><\/p>\n<p>&nbsp;<\/p>\n<p style=\"text-align: center;\"><span style=\"color: #0000ff;\"><em>O SENHOR \u00e9 tardio em irar-se \u00a0 \u00a0 \u00a0 \u00a0 \u00a0\u00a0<\/em><\/span><span style=\"color: #000000;\"><em>\u00a0<\/em><\/span><\/p>\n<p style=\"text-align: center;\"><span style=\"color: #0000ff;\"><em>Compassivo e misericordioso \u00e9 o Senhor; <strong>tardio<\/strong> em irar-se grande em benignidade.<sup>3<\/sup> \u00a0 \u00a0\u00a0\u00a0 <\/em><\/span><\/p>\n<p>&nbsp;<\/p>\n<p><span style=\"color: #000000;\">Mas ser\u00e1 Deus demorado em tomar a\u00e7\u00e3o, em cumprir as suas promessas?<\/span><\/p>\n<p>&nbsp;<\/p>\n<p style=\"text-align: center;\"><span style=\"color: #0000ff;\"><em>O Senhor n\u00e3o demora em cumprir a sua promessa, como julgam alguns. Ao contr\u00e1rio, ele \u00e9 paciente com voc\u00eas, n\u00e3o querendo que ningu\u00e9m pere\u00e7a, mas que todos cheguem ao arrependimento. <sup>4\u00a0\u00a0\u00a0\u00a0\u00a0\u00a0\u00a0\u00a0\u00a0\u00a0\u00a0\u00a0\u00a0\u00a0 <\/sup><\/em><\/span><\/p>\n<p>&nbsp;<\/p>\n<p>&nbsp;<\/p>\n<p><span style=\"color: #000000;\">A ora\u00e7\u00e3o ou a prece que tenhas feito a Deus, a promessa que Deus te tenha dado, a promessa da Sua Palavra que tenhas aguardado o seu cumprimento na tua vida, nas tuas circunstancias&#8230; lembra-te <strong><em>se creres, ver\u00e1s a gl\u00f3ria de Deus. <\/em><\/strong> Retira a pedra da \u2018descren\u00e7a\u2019, Deus apenas \u00e9 tardio em irar-se mas Ele n\u00e3o se demora em cumprir a sua Palavra, as suas Promessas em tua vida!<\/span><\/p>\n<p>&nbsp;<\/p>\n<p style=\"text-align: center;\"><span style=\"color: #000000;\"><strong>Apenas cr\u00ea e ver\u00e1s a Sua gl\u00f3ria!<\/strong><\/span><\/p>\n<p>&nbsp;<\/p>\n<p><span style=\"color: #000000;\"><span style=\"color: #ff6600;\">Ora\u00e7\u00e3o:<\/span><em><span style=\"color: #ff6600;\"> Senhor Deus, tu \u00e9s tardio em te irar, n\u00e3o te demoras em cumprir as tuas promessas! Senhor, meu Deus e Salvador, eu creio na Tua Palavra, e assim como est\u00e1 escrito, se eu crer verei a Tua Gl\u00f3ria! Eu creio Senhor em Ti, manifesta a Tua Gl\u00f3ria nesta situa\u00e7\u00e3o (diz aqui qual&#8230;) da minha vida, trazendo cura, liberta\u00e7\u00e3o, a Tua Paz, em nome de Jesus, \u00c1men!<\/span> <\/em><\/span><\/p>\n<p><span style=\"color: #000000;\"><sup>1<\/sup> Jo\u00e3o 11:40-44 AA; <sup>2<\/sup>Naum 1:3 RA; <sup>3<\/sup> Salmo 103:8 AA; <sup>4<\/sup>2 Pedro 3:9 NVI;<\/span><\/p>\n<p>[\/et_pb_text][et_pb_text _builder_version=&#8221;3.0.59&#8243; background_layout=&#8221;light&#8221; text_orientation=&#8221;center&#8221; border_style=&#8221;solid&#8221; saved_tabs=&#8221;all&#8221;]<\/p>\n<p style=\"text-align: center;\"><span style=\"color: #000000;\">Medita na Gra\u00e7a de Deus &#8211; Am\u00e9lia Moinheiro<\/span><\/p>\n<p>[\/et_pb_text][\/et_pb_column][\/et_pb_row][\/et_pb_section]<\/p>\n","protected":false},"excerpt":{"rendered":"<p><div class=\"et_pb_row et_pb_row_0 et_pb_row_empty\">\n\t\t\t\t\n\t\t\t\t\n\t\t\t\t\n\t\t\t\t\n\t\t\t\t\n\t\t\t<\/div> MEDITA\u00c7\u00d5ES DA GRA\u00c7A DE DEUS DEUS DEMORA EM TOMAR A\u00c7\u00c3O? &nbsp; J\u00e1 te encontraste numa situa\u00e7\u00e3o que pareceu-te que Deus n\u00e3o tenha tomado a\u00e7\u00e3o a tempo, ou que n\u00e3o tenha respondido \u00e0 tua prece? &nbsp; Marta soube que Jesus vinha a caminho de sua casa e foi ter ao Seu encontro. Seu irm\u00e3o L\u00e1zaro [&hellip;]<\/p>\n","protected":false},"author":4,"featured_media":0,"comment_status":"open","ping_status":"open","sticky":false,"template":"","format":"standard","meta":{"_et_pb_use_builder":"on","_et_pb_old_content":"","_et_gb_content_width":"","footnotes":""},"categories":[33,29],"tags":[],"class_list":["post-1075","post","type-post","status-publish","format-standard","hentry","category-a-graca-de-deus","category-vitoria-e-intervencao-divina"],"_links":{"self":[{"href":"https:\/\/meditacoes-da-graca.com\/index.php\/wp-json\/wp\/v2\/posts\/1075","targetHints":{"allow":["GET"]}}],"collection":[{"href":"https:\/\/meditacoes-da-graca.com\/index.php\/wp-json\/wp\/v2\/posts"}],"about":[{"href":"https:\/\/meditacoes-da-graca.com\/index.php\/wp-json\/wp\/v2\/types\/post"}],"author":[{"embeddable":true,"href":"https:\/\/meditacoes-da-graca.com\/index.php\/wp-json\/wp\/v2\/users\/4"}],"replies":[{"embeddable":true,"href":"https:\/\/meditacoes-da-graca.com\/index.php\/wp-json\/wp\/v2\/comments?post=1075"}],"version-history":[{"count":1,"href":"https:\/\/meditacoes-da-graca.com\/index.php\/wp-json\/wp\/v2\/posts\/1075\/revisions"}],"predecessor-version":[{"id":1076,"href":"https:\/\/meditacoes-da-graca.com\/index.php\/wp-json\/wp\/v2\/posts\/1075\/revisions\/1076"}],"wp:attachment":[{"href":"https:\/\/meditacoes-da-graca.com\/index.php\/wp-json\/wp\/v2\/media?parent=1075"}],"wp:term":[{"taxonomy":"category","embeddable":true,"href":"https:\/\/meditacoes-da-graca.com\/index.php\/wp-json\/wp\/v2\/categories?post=1075"},{"taxonomy":"post_tag","embeddable":true,"href":"https:\/\/meditacoes-da-graca.com\/index.php\/wp-json\/wp\/v2\/tags?post=1075"}],"curies":[{"name":"wp","href":"https:\/\/api.w.org\/{rel}","templated":true}]}}