{"id":1069,"date":"2018-03-25T15:45:08","date_gmt":"2018-03-25T13:45:08","guid":{"rendered":"http:\/\/meditacoes-da-graca.com\/?p=1069"},"modified":"2018-03-25T15:45:08","modified_gmt":"2018-03-25T13:45:08","slug":"o-nascer-em-dor","status":"publish","type":"post","link":"https:\/\/meditacoes-da-graca.com\/index.php\/2018\/03\/25\/o-nascer-em-dor\/","title":{"rendered":"O NASCER EM DOR"},"content":{"rendered":"<p>[et_pb_section bb_built=&#8221;1&#8243;][et_pb_row][et_pb_column type=&#8221;4_4&#8243;][et_pb_text _builder_version=&#8221;3.0.59&#8243; background_layout=&#8221;light&#8221; text_orientation=&#8221;center&#8221; border_style=&#8221;solid&#8221; saved_tabs=&#8221;all&#8221;]<\/p>\n<h2><span style=\"color: #ff6600;\">MEDITA\u00c7\u00d5ES DA GRA\u00c7A DE DEUS<\/span><\/h2>\n<h2><\/h2>\n<h2>O NASCER EM DOR<\/h2>\n<p>[\/et_pb_text][et_pb_text _builder_version=&#8221;3.0.59&#8243; background_layout=&#8221;light&#8221; text_orientation=&#8221;left&#8221; border_style=&#8221;solid&#8221; saved_tabs=&#8221;all&#8221;]<\/p>\n<h2><\/h2>\n<p>&nbsp;<\/p>\n<p style=\"text-align: center;\"><span style=\"color: #000000;\"><em>Chegou o vig\u00e9simo primeiro dia! <\/em><\/span><\/p>\n<p style=\"text-align: center;\"><span style=\"color: #000000;\"><em>\u201cJ\u00e1 n\u00e3o aguentava mais&#8230;\u201d Ouvia-se um piar ligeiro &#8230;. \u201cN\u00e3o consigo respirar!\u201d <\/em><\/span><\/p>\n<p style=\"text-align: center;\"><span style=\"color: #000000;\"><em>Bico empurrando contra a dura casca, por fim um pequeno perfuro&#8230; Uma pequena brecha de oxig\u00e9nio por fim! \u00a0Um pequeno intervalo para descansar, seguido de variadas tentativas de se livrar do \u2018bloqueio\u2019 envolto. <\/em><\/span><\/p>\n<p style=\"text-align: center;\"><span style=\"color: #000000;\"><em>Sua persist\u00eancia constante o salvara, <\/em><\/span><\/p>\n<p style=\"text-align: center;\"><span style=\"color: #000000;\"><em>em busca de oxig\u00e9nio para respirar e em dire\u00e7\u00e3o \u00e0 luz do dia!\u00a0\u00a0 \u201c<strong>Nasci.<\/strong>..!\u201d\u00a0\u00a0\u00a0\u00a0\u00a0\u00a0 <\/em><\/span><\/p>\n<p style=\"text-align: center;\"><span style=\"color: #000000;\"><em> (Di\u00e1rio de um pintainho an\u00f4nimo)<\/em><\/span><\/p>\n<p>&nbsp;<\/p>\n<p><span style=\"color: #000000;\">Toda a cria\u00e7\u00e3o nasce em dor. <strong>A dor torna-se vital na vida, tr\u00e1s o nascer de algo novo! <\/strong>Na cria\u00e7\u00e3o humana experimentamos dor f\u00edsica, emocional (mental) e espiritual. A \u2018dor\u2019 n\u00e3o \u00e9 s\u00f3 f\u00edsica. A dor emocional \u00e9 t\u00e3o real quanto a f\u00edsica e necessita de ser tratada devidamente.<\/span><\/p>\n<p>&nbsp;<\/p>\n<p style=\"text-align: center;\"><span style=\"color: #0000ff;\"><em>\u201c Amado, acima de tudo, fa\u00e7o votos por tua prosperidade e sa\u00fade, <\/em><\/span><\/p>\n<p style=\"text-align: center;\"><span style=\"color: #0000ff;\"><em>assim <strong>como \u00e9 pr\u00f3spera a tua alma<\/strong>.\u201d 3 Jo\u00e3o 1:2<\/em><\/span><\/p>\n<p>&nbsp;<\/p>\n<p><span style=\"color: #000000;\">Como poder\u00e1s beneficiar da <strong>dor emocional<\/strong> em que te encontras, fazer nascer algo novo agrad\u00e1vel, onde possas respirar por fim!? A dor nos relacionamentos, nas dificuldades da vida financeira e social, as ansiedades, as incertezas e as preocupa\u00e7\u00f5es que a vida traz, vem acompanhadas com dor.<\/span><\/p>\n<p>&nbsp;<\/p>\n<p><span style=\"color: #000000;\">Pensa por um instante na dor em que o halterofilista sente quando levanta os pesos. Quanto mais peso, mais dor. <strong>Quanto mais dor, mais for\u00e7a!<\/strong><\/span><\/p>\n<p>&nbsp;<\/p>\n<p><span style=\"color: #000000;\">Atrav\u00e9s da dor emocional que enfrentas, ao vires a Jesus com essa dor, com essa dificuldade, o Esp\u00edrito Santo te faz lembrar da Palavra de Deus, a B\u00edblia, as escrituras que te dar\u00e3o a for\u00e7a para venceres, o conforto para n\u00e3o desistires, a perseveran\u00e7a para enfrentares os desafios. <strong>A dor que sentes hoje \u00e9 a for\u00e7a que sentir\u00e1s amanh\u00e3!<\/strong><\/span><\/p>\n<p>&nbsp;<\/p>\n<p><span style=\"color: #000000;\"><strong>O Esp\u00edrito Santo, o teu ajudador,<\/strong> que te acompanha pelas tempestades da vida e que acalma-te no teu interior, te d\u00e1 a paz, a confian\u00e7a, a certeza que Deus est\u00e1 no controle da tua vida e de todas as tuas circunstancias&#8230;<\/span><\/p>\n<p>&nbsp;<\/p>\n<p style=\"text-align: center;\"><span style=\"color: #000000;\"><em>Consegues parar um pouco, meditar na Sua Palavra, <strong>ouvir aquilo que Deus te fala&#8230;?<\/strong><\/em><\/span><\/p>\n<p style=\"text-align: center;\"><span style=\"color: #000000;\"><em>Consegues pensar um pouco o que \u00e9 que Deus quer <strong>fazer nascer na tua vida?<\/strong><\/em><\/span><\/p>\n<p style=\"text-align: center;\"><span style=\"color: #000000;\"><em>Consegues ver a for\u00e7a que Deus tem feito nascer em ti, <strong>a tua f\u00e9 n\u2019Ele para venceres?<\/strong><\/em><\/span><\/p>\n<p style=\"text-align: center;\"><span style=\"color: #000000;\"><em>Consegues ver Deus a moldar o teu car\u00e1ter, <strong>a transformar o teu ser?<\/strong><\/em><\/span><\/p>\n<p><span style=\"color: #000000;\"><em>\u00a0<\/em><\/span><\/p>\n<p style=\"text-align: center;\"><span style=\"color: #0000ff;\"><em>E o Deus de <strong>toda a gra\u00e7a<\/strong>, que em Cristo vos chamou \u00e0 sua eterna gl\u00f3ria, depois de haverdes <strong>sofrido<\/strong><strong> por um pouco<\/strong>, <strong>ele mesmo vos h\u00e1 de aperfei\u00e7oar, confirmar e fortalecer.\u00a0 <\/strong>\u00a0I Pedro 5:10<\/em><\/span><\/p>\n<p>&nbsp;<\/p>\n<p><span style=\"color: #ff6600;\">Ora\u00e7\u00e3o:<em> Vem Senhor Deus e meu Pai fazer nascer em mim um cora\u00e7\u00e3o puro, vem moldar todo o meu ser segundo a imagem de Jesus Cristo! Vem transformar o meu ser, a minha vida de forma que seja do teu agrado. Vem com a tua paz, a tua alegria, e comunh\u00e3o com o teu Santo Esp\u00edrito me encher da tua Presen\u00e7a, em nome de Jesus, \u00c1men! <\/em><\/span><\/p>\n<p>[\/et_pb_text][et_pb_text _builder_version=&#8221;3.0.59&#8243; background_layout=&#8221;light&#8221; text_orientation=&#8221;center&#8221; border_style=&#8221;solid&#8221; saved_tabs=&#8221;all&#8221;]<\/p>\n<p style=\"text-align: center;\"><span style=\"color: #000000;\">Medita na Gra\u00e7a de Deus &#8211; Am\u00e9lia Moinheiro<\/span><\/p>\n<p>[\/et_pb_text][\/et_pb_column][\/et_pb_row][\/et_pb_section]<\/p>\n","protected":false},"excerpt":{"rendered":"<p><div class=\"et_pb_row et_pb_row_0 et_pb_row_empty\">\n\t\t\t\t\n\t\t\t\t\n\t\t\t\t\n\t\t\t\t\n\t\t\t\t\n\t\t\t<\/div> MEDITA\u00c7\u00d5ES DA GRA\u00c7A DE DEUS O NASCER EM DOR &nbsp; Chegou o vig\u00e9simo primeiro dia! \u201cJ\u00e1 n\u00e3o aguentava mais&#8230;\u201d Ouvia-se um piar ligeiro &#8230;. \u201cN\u00e3o consigo respirar!\u201d Bico empurrando contra a dura casca, por fim um pequeno perfuro&#8230; Uma pequena brecha de oxig\u00e9nio por fim! \u00a0Um pequeno intervalo para descansar, seguido de variadas tentativas [&hellip;]<\/p>\n","protected":false},"author":4,"featured_media":0,"comment_status":"open","ping_status":"open","sticky":false,"template":"","format":"standard","meta":{"_et_pb_use_builder":"on","_et_pb_old_content":"","_et_gb_content_width":"","footnotes":""},"categories":[37,28],"tags":[],"class_list":["post-1069","post","type-post","status-publish","format-standard","hentry","category-favourites","category-relacionamentos-e-a-paz"],"_links":{"self":[{"href":"https:\/\/meditacoes-da-graca.com\/index.php\/wp-json\/wp\/v2\/posts\/1069","targetHints":{"allow":["GET"]}}],"collection":[{"href":"https:\/\/meditacoes-da-graca.com\/index.php\/wp-json\/wp\/v2\/posts"}],"about":[{"href":"https:\/\/meditacoes-da-graca.com\/index.php\/wp-json\/wp\/v2\/types\/post"}],"author":[{"embeddable":true,"href":"https:\/\/meditacoes-da-graca.com\/index.php\/wp-json\/wp\/v2\/users\/4"}],"replies":[{"embeddable":true,"href":"https:\/\/meditacoes-da-graca.com\/index.php\/wp-json\/wp\/v2\/comments?post=1069"}],"version-history":[{"count":1,"href":"https:\/\/meditacoes-da-graca.com\/index.php\/wp-json\/wp\/v2\/posts\/1069\/revisions"}],"predecessor-version":[{"id":1070,"href":"https:\/\/meditacoes-da-graca.com\/index.php\/wp-json\/wp\/v2\/posts\/1069\/revisions\/1070"}],"wp:attachment":[{"href":"https:\/\/meditacoes-da-graca.com\/index.php\/wp-json\/wp\/v2\/media?parent=1069"}],"wp:term":[{"taxonomy":"category","embeddable":true,"href":"https:\/\/meditacoes-da-graca.com\/index.php\/wp-json\/wp\/v2\/categories?post=1069"},{"taxonomy":"post_tag","embeddable":true,"href":"https:\/\/meditacoes-da-graca.com\/index.php\/wp-json\/wp\/v2\/tags?post=1069"}],"curies":[{"name":"wp","href":"https:\/\/api.w.org\/{rel}","templated":true}]}}