{"id":1050,"date":"2018-02-26T17:07:47","date_gmt":"2018-02-26T15:07:47","guid":{"rendered":"http:\/\/meditacoes-da-graca.com\/?p=1050"},"modified":"2018-02-26T17:07:47","modified_gmt":"2018-02-26T15:07:47","slug":"a-dor-e-necessaria","status":"publish","type":"post","link":"https:\/\/meditacoes-da-graca.com\/index.php\/2018\/02\/26\/a-dor-e-necessaria\/","title":{"rendered":"A DOR \u00c9 NECESS\u00c1RIA?"},"content":{"rendered":"<p>[et_pb_section bb_built=&#8221;1&#8243;][et_pb_row][et_pb_column type=&#8221;4_4&#8243;][et_pb_text _builder_version=&#8221;3.0.59&#8243; background_layout=&#8221;light&#8221; text_orientation=&#8221;center&#8221; border_style=&#8221;solid&#8221; saved_tabs=&#8221;all&#8221;]<\/p>\n<h2><span style=\"color: #ff6600;\">MEDITA\u00c7\u00d5ES DA GRA\u00c7A DE DEUS<\/span><\/h2>\n<h2><\/h2>\n<h2>A DOR \u00c9 NECESS\u00c1RIA?<\/h2>\n<p>[\/et_pb_text][et_pb_text _builder_version=&#8221;3.0.59&#8243; background_layout=&#8221;light&#8221; text_orientation=&#8221;left&#8221; border_style=&#8221;solid&#8221; saved_tabs=&#8221;all&#8221;]<\/p>\n<h2><\/h2>\n<p>&nbsp;<\/p>\n<p style=\"text-align: center;\"><span style=\"color: #0000ff;\"><em>Pois sabemos que at\u00e9 agora o Universo todo <strong>geme e sofre<\/strong> <\/em><\/span><\/p>\n<p style=\"text-align: center;\"><span style=\"color: #0000ff;\"><em>como uma mulher que est\u00e1 em trabalho de parto.<\/em><\/span><\/p>\n<p style=\"text-align: center;\"><span style=\"color: #0000ff;\"><strong><em>\u00a0<\/em><\/strong><\/span><\/p>\n<p style=\"text-align: center;\"><span style=\"color: #000000;\"><em><span style=\"color: #0000ff;\">\u2026 N\u00f3s tamb\u00e9m <strong>gememos dentro de n\u00f3s<\/strong> mesmos enquanto esperamos que Deus <\/span><\/em><\/span><\/p>\n<p style=\"text-align: center;\"><span style=\"color: #000000;\"><em><span style=\"color: #0000ff;\">fa\u00e7a com que sejamos seus filhos e nos liberte completamente. <\/span><sup><span style=\"color: #0000ff;\">1\u00a0\u00a0\u00a0\u00a0\u00a0\u00a0\u00a0\u00a0\u00a0\u00a0\u00a0\u00a0<\/span> <\/sup><\/em><\/span><\/p>\n<p style=\"text-align: center;\">\n<p>&nbsp;<\/p>\n<p><span style=\"color: #000000;\">Ser\u00e1 que a <em>dor <\/em>\u00e9 essencial na vida? A <em>dor<\/em> desempenha um papel de grande import\u00e2ncia nas nossas vidas. Serve para nos proteger do mal, ajuda-nos a associar certas a\u00e7\u00f5es perigosas com uma sensa\u00e7\u00e3o de dor, alerta-nos de poss\u00edveis doen\u00e7as ou condi\u00e7\u00f5es. A dor pode salvar a tua vida. <strong>S\u00f3 n\u00e3o sente dor quem n\u00e3o nasceu&#8230; <\/strong>\u00a0\u2018Dor\u2019 faz parte de quem ainda est\u00e1 vivo.<\/span><\/p>\n<p>&nbsp;<\/p>\n<p><span style=\"color: #000000;\">A dor n\u00e3o \u00e9 s\u00f3 f\u00edsica mas tamb\u00e9m \u00e9 emocional. As emo\u00e7\u00f5es que causam dor, sejam: ansiedade, vergonha, tristeza, f\u00faria, desespero&#8230; podem servir como experi\u00eancias que nos ensinam na vida. O crescimento pessoal de um individuo \u00e1s vezes \u00e9 um <strong>processo muito doloroso.<\/strong><\/span><\/p>\n<p>&nbsp;<\/p>\n<p><span style=\"color: #000000;\">A dor n\u00e3o foi do intento de Deus na cria\u00e7\u00e3o do homem, mas resultou da <strong>sua queda: \u201c<\/strong><em>E \u00e0 mulher disse: em meio de dores dar\u00e1s \u00e0 luz filhos\u201d<\/em>. Ao homem: <em>\u201cNo suor do rosto comer\u00e1s o teu p\u00e3o\u2026 em fadigas obter\u00e1s o sustento\u201d.<\/em> <sup>2<\/sup><\/span><\/p>\n<p>&nbsp;<\/p>\n<p><span style=\"color: #000000;\">Deus, no seu infinito amor, permite a dor na nossa vida para, em alguns casos, nos guiar fora de perigo, noutros , ensinar-nos a sermos perseverantes nas batalhas e termos f\u00e9 n\u2019Ele que nos livrar\u00e1, a trazer corre\u00e7\u00e3o na nossa vida\u2026 enfim, a <strong>experimentarmos a Sua Gra\u00e7a!<\/strong> V\u00ea aqui a seguir algumas escrituras neste \u00e2mbito:<\/span><\/p>\n<p>&nbsp;<\/p>\n<p style=\"text-align: center;\"><span style=\"color: #0000ff;\"><em>Antes de <strong>ser afligido, andava errado<\/strong>, mas agora guardo a tua palavra.<sup>3<\/sup> \u00a0\u00a0\u00a0 \u00a0\u00a0\u00a0<\/em><\/span><\/p>\n<p style=\"text-align: center;\"><span style=\"color: #0000ff;\"><em>\u00a0<\/em><\/span><\/p>\n<p style=\"text-align: center;\"><span style=\"color: #0000ff;\"><em>Nenhuma <strong>disciplina<\/strong> parece ser motivo de alegria no momento<strong>, mas sim de tristeza.<\/strong> <\/em><\/span><\/p>\n<p style=\"text-align: center;\"><span style=\"color: #0000ff;\"><em>Mais tarde, por\u00e9m<strong>, produz fruto de justi\u00e7a e paz <\/strong><\/em><\/span><span style=\"color: #0000ff;\"><strong><em>para aqueles que por ela foram exercitados.<\/em><\/strong><em> <sup>4\u00a0\u00a0\u00a0\u00a0\u00a0\u00a0\u00a0\u00a0\u00a0\u00a0\u00a0\u00a0\u00a0\u00a0\u00a0\u00a0\u00a0\u00a0\u00a0\u00a0\u00a0\u00a0\u00a0\u00a0\u00a0\u00a0 <\/sup><\/em><\/span><\/p>\n<p style=\"text-align: center;\">\n<p style=\"text-align: center;\"><span style=\"color: #0000ff;\"><strong><em>Se algum de voc\u00eas sofre<\/em><\/strong><em>, que n\u00e3o seja como assassino\u2026 ou como quem se intromete em neg\u00f3cios alheios.\u00a0\u00a0 Contudo, <strong>se sofre como crist\u00e3o<\/strong>\u2026 de acordo com a vontade de Deus devem confiar sua vida ao seu fiel Criador e praticar o bem.<sup>5 <\/sup>\u00a0\u00a0\u00a0\u00a0\u00a0\u00a0\u00a0\u00a0\u00a0<\/em><\/span><\/p>\n<p><span style=\"color: #000000;\"><em>\u00a0<\/em><\/span><\/p>\n<p><span style=\"color: #000000;\"><strong>A dor que carregas na tua alma<\/strong>, no \u00edntimo do teu ser, entrega-a a Jesus. Seja a dor de um relacionamento, uma circunstancia, uma condi\u00e7\u00e3o, leva-a a Cristo Jesus. Deixa que Deus te guie atrav\u00e9s das dificuldades, que te molde, te fortale\u00e7a, te encoraje, te ensine a dependeres completamente da Sua Gra\u00e7a.<\/span><\/p>\n<p>&nbsp;<\/p>\n<p style=\"text-align: center;\"><span style=\"color: #0000ff;\"><em>\u201c<strong>A MINHA GRA\u00c7A TE BASTA, POIS O MEU PODER SE APERFEI\u00c7OA NA FRAQUEZA!<\/strong>\u201d <sup>6 <\/sup><\/em><\/span><\/p>\n<p><span style=\"color: #000000;\"><em>\u00a0<\/em><\/span><\/p>\n<p><span style=\"color: #ff6600;\">Ora\u00e7\u00e3o:<em> Senhor meu Deus, eu trago a Ti a dor que carrego no meu ser. Vem Senhor, pelo teu Esp\u00edrito Santo manifestar a tua gra\u00e7a nesta minha dor, vem com o teu poder aperfei\u00e7oar-me nesta fraqueza, em nome de Jesus, \u00c1men!<\/em><em>\u00a0<\/em><\/span><\/p>\n<p><span style=\"color: #000000;\"><sup>1<\/sup>Romanos 8:22,23 NTLH; <sup>2<\/sup>Genesis 3:16-19; <sup>3<\/sup>Salmos 119:67; <sup>4<\/sup>Hebreus 12:11 NVI; <sup>5<\/sup> I Pedro 4:13-19 NVI; <sup> 6<\/sup>2 Cor\u00edntios 12:9<\/span><\/p>\n<p>[\/et_pb_text][et_pb_text _builder_version=&#8221;3.0.59&#8243; background_layout=&#8221;light&#8221; text_orientation=&#8221;center&#8221; border_style=&#8221;solid&#8221; saved_tabs=&#8221;all&#8221;]<\/p>\n<p style=\"text-align: center;\"><span style=\"color: #000000;\">Medita na Gra\u00e7a de Deus &#8211; Am\u00e9lia Moinheiro<\/span><\/p>\n<p>[\/et_pb_text][\/et_pb_column][\/et_pb_row][\/et_pb_section]<\/p>\n","protected":false},"excerpt":{"rendered":"<p><div class=\"et_pb_row et_pb_row_0 et_pb_row_empty\">\n\t\t\t\t\n\t\t\t\t\n\t\t\t\t\n\t\t\t\t\n\t\t\t\t\n\t\t\t<\/div> MEDITA\u00c7\u00d5ES DA GRA\u00c7A DE DEUS A DOR \u00c9 NECESS\u00c1RIA? &nbsp; Pois sabemos que at\u00e9 agora o Universo todo geme e sofre como uma mulher que est\u00e1 em trabalho de parto. \u00a0 \u2026 N\u00f3s tamb\u00e9m gememos dentro de n\u00f3s mesmos enquanto esperamos que Deus fa\u00e7a com que sejamos seus filhos e nos liberte completamente. 1\u00a0\u00a0\u00a0\u00a0\u00a0\u00a0\u00a0\u00a0\u00a0\u00a0\u00a0\u00a0 [&hellip;]<\/p>\n","protected":false},"author":4,"featured_media":0,"comment_status":"open","ping_status":"open","sticky":false,"template":"","format":"standard","meta":{"_et_pb_use_builder":"on","_et_pb_old_content":"","_et_gb_content_width":"","footnotes":""},"categories":[33,29],"tags":[],"class_list":["post-1050","post","type-post","status-publish","format-standard","hentry","category-a-graca-de-deus","category-vitoria-e-intervencao-divina"],"_links":{"self":[{"href":"https:\/\/meditacoes-da-graca.com\/index.php\/wp-json\/wp\/v2\/posts\/1050","targetHints":{"allow":["GET"]}}],"collection":[{"href":"https:\/\/meditacoes-da-graca.com\/index.php\/wp-json\/wp\/v2\/posts"}],"about":[{"href":"https:\/\/meditacoes-da-graca.com\/index.php\/wp-json\/wp\/v2\/types\/post"}],"author":[{"embeddable":true,"href":"https:\/\/meditacoes-da-graca.com\/index.php\/wp-json\/wp\/v2\/users\/4"}],"replies":[{"embeddable":true,"href":"https:\/\/meditacoes-da-graca.com\/index.php\/wp-json\/wp\/v2\/comments?post=1050"}],"version-history":[{"count":5,"href":"https:\/\/meditacoes-da-graca.com\/index.php\/wp-json\/wp\/v2\/posts\/1050\/revisions"}],"predecessor-version":[{"id":1055,"href":"https:\/\/meditacoes-da-graca.com\/index.php\/wp-json\/wp\/v2\/posts\/1050\/revisions\/1055"}],"wp:attachment":[{"href":"https:\/\/meditacoes-da-graca.com\/index.php\/wp-json\/wp\/v2\/media?parent=1050"}],"wp:term":[{"taxonomy":"category","embeddable":true,"href":"https:\/\/meditacoes-da-graca.com\/index.php\/wp-json\/wp\/v2\/categories?post=1050"},{"taxonomy":"post_tag","embeddable":true,"href":"https:\/\/meditacoes-da-graca.com\/index.php\/wp-json\/wp\/v2\/tags?post=1050"}],"curies":[{"name":"wp","href":"https:\/\/api.w.org\/{rel}","templated":true}]}}