{"id":1041,"date":"2018-02-12T17:01:30","date_gmt":"2018-02-12T15:01:30","guid":{"rendered":"http:\/\/meditacoes-da-graca.com\/?p=1041"},"modified":"2018-02-12T17:23:21","modified_gmt":"2018-02-12T15:23:21","slug":"o-poder-do-vento","status":"publish","type":"post","link":"https:\/\/meditacoes-da-graca.com\/index.php\/2018\/02\/12\/o-poder-do-vento\/","title":{"rendered":"O PODER DO VENTO"},"content":{"rendered":"<p>[et_pb_section bb_built=&#8221;1&#8243;][et_pb_row][et_pb_column type=&#8221;4_4&#8243;][et_pb_text _builder_version=&#8221;3.0.59&#8243; background_layout=&#8221;light&#8221; text_orientation=&#8221;center&#8221; border_style=&#8221;solid&#8221; saved_tabs=&#8221;all&#8221;]<\/p>\n<h2><span style=\"color: #ff6600;\">MEDITA\u00c7\u00d5ES DA GRA\u00c7A DE DEUS<\/span><\/h2>\n<h2>O PODER DO VENTO<\/h2>\n<p>[\/et_pb_text][et_pb_text _builder_version=&#8221;3.0.59&#8243; background_layout=&#8221;light&#8221; text_orientation=&#8221;left&#8221; border_style=&#8221;solid&#8221; saved_tabs=&#8221;all&#8221;]<\/p>\n<h2><\/h2>\n<p>&nbsp;<\/p>\n<p><span style=\"color: #000000;\">Uma biosfera, completamente selada da nossa atmosfera, foi criada por um individuo nos Estados Unidos, conhecido como a biosfera 2, agora pertencente \u00e0 Universidade do Arizona, como um pequeno planeta dentro de outro planeta, onde cientistas fazem as suas pesquisas.<\/span><\/p>\n<p>&nbsp;<\/p>\n<p><span style=\"color: #000000;\">Nesta biosfera foram capazes de fazer com que as \u00e1rvores crescessem mais depressa do que ao ar livre. Notaram tamb\u00e9m que estas \u00e1rvores n\u00e3o chegavam \u00e0 maturidade e acabavam por colapsar. Mais tarde realizaram que o motivo das mesmas colapsarem era devido ao facto de n\u00e3o estarem expostas ao vento na biosfera.<\/span><\/p>\n<p>&nbsp;<\/p>\n<p><span style=\"color: #000000;\">Acontece que o vento tem um impacto imprescind\u00edvel na vida das \u00e1rvores. A presen\u00e7a do vento faz com que a \u00e1rvore fique mais forte, que chegue \u00e0 sua maturidade e n\u00e3o caia antes do tempo devido ao seu peso, podendo aprofundar e expandir as suas ra\u00edzes no solo. \u00c9 o \u2018stress\u2019 causado pelo vento que as torna mais fortes, que sopra sobre elas direcionando-as para a luz do sol e onde existem melhores recursos naturais.<\/span><\/p>\n<p>&nbsp;<\/p>\n<p><span style=\"color: #000000;\">Podemos aprender com esta ilustra\u00e7\u00e3o algo muito pr\u00e1tico na nossa vida no dia a dia. Muitas vezes sentimos o \u2018vento\u2019 que vem contra n\u00f3s, o stress que inclusive nos causa, as dificuldades da vida que temos que enfrentar e que nos colocam em circunstancias dif\u00edceis e muitas vezes complicadas.<\/span><\/p>\n<p>&nbsp;<\/p>\n<p><span style=\"color: #000000;\">Ao enfrentarmos os problemas da vida, ao confiarmos a Deus cada circunstancia que sopra contra n\u00f3s, podemos experimentar a gra\u00e7a de Deus se manifestando em n\u00f3s e atrav\u00e9s dessas dificuldades aprendemos a confiar e a depender de Deus para nos ajudar e por fim tornamo-nos mais fortes e resistentes do que se n\u00e3o tiv\u00e9ssemos enfrentado nenhuma adversidade.<\/span><\/p>\n<p><span style=\"color: #000000;\"><em>\u00a0<\/em><\/span><\/p>\n<p style=\"text-align: center;\"><span style=\"color: #0000ff;\"><em>Sofremos press\u00f5es de todos os lados, contudo, n\u00e3o estamos arrasados; ficamos perplexos com os acontecimentos, mas n\u00e3o perdemos a esperan\u00e7a<sup>1 <\/sup>\u00a0\u00a0\u00a0\u00a0\u00a0\u00a0\u00a0\u00a0\u00a0\u00a0\u00a0<\/em><\/span><\/p>\n<p style=\"text-align: center;\"><span style=\"color: #0000ff;\"><em>\u00a0<\/em><\/span><\/p>\n<p style=\"text-align: center;\"><span style=\"color: #000000;\"><em><span style=\"color: #0000ff;\">Mas n\u00e3o somente isso, como tamb\u00e9m nos gloriamos nas tribula\u00e7\u00f5es, porque aprendemos que a tribula\u00e7\u00e3o produz perseveran\u00e7a; a perseveran\u00e7a<\/span> <span style=\"color: #0000ff;\">produz um car\u00e1ter aprovado; e o car\u00e1ter aprovado produz confian\u00e7a. <sup>2\u00a0\u00a0\u00a0\u00a0\u00a0\u00a0\u00a0\u00a0\u00a0\u00a0\u00a0\u00a0\u00a0\u00a0\u00a0\u00a0\u00a0\u00a0\u00a0\u00a0 <\/sup><\/span><\/em><\/span><\/p>\n<p><span style=\"color: #000000;\"><em>\u00a0<\/em><\/span><\/p>\n<p><span style=\"color: #000000;\">N\u00e3o desanimes nas tribula\u00e7\u00f5es, nas circunstancias adversas, n\u00e3o te assustes com o poder do \u2018vento\u2019, confia em Jesus para te fortalecer, para venceres e ganhares ra\u00edzes ainda mais profundas nos seus fundamentos inabal\u00e1veis, a sua Palavra!<\/span><\/p>\n<p>&nbsp;<\/p>\n<p><span style=\"color: #ff6600;\">Ora\u00e7\u00e3o:<em> Senhor Deus, eu entrego a Ti as circunstancias que tem vindo contra mim, eu escolho confiar em Ti, e que far\u00e1s com que eu saia mais forte, desenvolvendo em mim um car\u00e1ter aprovado, uma f\u00e9 inabal\u00e1vel, em nome de Jesus, \u00c1men. <\/em><\/span><\/p>\n<p><span style=\"color: #000000;\"><em><sup>1<\/sup><\/em><em>2 Cor\u00edntios 4:8; <sup>2<\/sup>Romanos 5:3,4<\/em><\/span><\/p>\n<p>[\/et_pb_text][et_pb_text _builder_version=&#8221;3.0.59&#8243; background_layout=&#8221;light&#8221; text_orientation=&#8221;center&#8221; border_style=&#8221;solid&#8221; saved_tabs=&#8221;all&#8221;]<\/p>\n<p style=\"text-align: center;\"><span style=\"color: #000000;\">Medita na Gra\u00e7a de Deus &#8211; Am\u00e9lia Moinheiro<\/span><\/p>\n<p>[\/et_pb_text][\/et_pb_column][\/et_pb_row][\/et_pb_section]<\/p>\n","protected":false},"excerpt":{"rendered":"<p><div class=\"et_pb_row et_pb_row_0 et_pb_row_empty\">\n\t\t\t\t\n\t\t\t\t\n\t\t\t\t\n\t\t\t\t\n\t\t\t\t\n\t\t\t<\/div> MEDITA\u00c7\u00d5ES DA GRA\u00c7A DE DEUS O PODER DO VENTO &nbsp; Uma biosfera, completamente selada da nossa atmosfera, foi criada por um individuo nos Estados Unidos, conhecido como a biosfera 2, agora pertencente \u00e0 Universidade do Arizona, como um pequeno planeta dentro de outro planeta, onde cientistas fazem as suas pesquisas. &nbsp; Nesta biosfera foram [&hellip;]<\/p>\n","protected":false},"author":4,"featured_media":0,"comment_status":"open","ping_status":"open","sticky":false,"template":"","format":"standard","meta":{"_et_pb_use_builder":"on","_et_pb_old_content":"","_et_gb_content_width":"","footnotes":""},"categories":[29],"tags":[],"class_list":["post-1041","post","type-post","status-publish","format-standard","hentry","category-vitoria-e-intervencao-divina"],"_links":{"self":[{"href":"https:\/\/meditacoes-da-graca.com\/index.php\/wp-json\/wp\/v2\/posts\/1041","targetHints":{"allow":["GET"]}}],"collection":[{"href":"https:\/\/meditacoes-da-graca.com\/index.php\/wp-json\/wp\/v2\/posts"}],"about":[{"href":"https:\/\/meditacoes-da-graca.com\/index.php\/wp-json\/wp\/v2\/types\/post"}],"author":[{"embeddable":true,"href":"https:\/\/meditacoes-da-graca.com\/index.php\/wp-json\/wp\/v2\/users\/4"}],"replies":[{"embeddable":true,"href":"https:\/\/meditacoes-da-graca.com\/index.php\/wp-json\/wp\/v2\/comments?post=1041"}],"version-history":[{"count":2,"href":"https:\/\/meditacoes-da-graca.com\/index.php\/wp-json\/wp\/v2\/posts\/1041\/revisions"}],"predecessor-version":[{"id":1043,"href":"https:\/\/meditacoes-da-graca.com\/index.php\/wp-json\/wp\/v2\/posts\/1041\/revisions\/1043"}],"wp:attachment":[{"href":"https:\/\/meditacoes-da-graca.com\/index.php\/wp-json\/wp\/v2\/media?parent=1041"}],"wp:term":[{"taxonomy":"category","embeddable":true,"href":"https:\/\/meditacoes-da-graca.com\/index.php\/wp-json\/wp\/v2\/categories?post=1041"},{"taxonomy":"post_tag","embeddable":true,"href":"https:\/\/meditacoes-da-graca.com\/index.php\/wp-json\/wp\/v2\/tags?post=1041"}],"curies":[{"name":"wp","href":"https:\/\/api.w.org\/{rel}","templated":true}]}}