{"id":1038,"date":"2018-02-12T16:51:12","date_gmt":"2018-02-12T14:51:12","guid":{"rendered":"http:\/\/meditacoes-da-graca.com\/?p=1038"},"modified":"2018-02-12T16:51:12","modified_gmt":"2018-02-12T14:51:12","slug":"paz-e-descanso","status":"publish","type":"post","link":"https:\/\/meditacoes-da-graca.com\/index.php\/2018\/02\/12\/paz-e-descanso\/","title":{"rendered":"PAZ E DESCANSO"},"content":{"rendered":"<p>[et_pb_section bb_built=&#8221;1&#8243;][et_pb_row][et_pb_column type=&#8221;4_4&#8243;][et_pb_text _builder_version=&#8221;3.0.59&#8243; background_layout=&#8221;light&#8221; text_orientation=&#8221;center&#8221; border_style=&#8221;solid&#8221; saved_tabs=&#8221;all&#8221;]<\/p>\n<h2><span style=\"color: #ff6600;\">MEDITA\u00c7\u00d5ES DA GRA\u00c7A DE DEUS<\/span><\/h2>\n<h2>PAZ E DESCANSO<\/h2>\n<p>[\/et_pb_text][et_pb_text _builder_version=&#8221;3.0.59&#8243; background_layout=&#8221;light&#8221; text_orientation=&#8221;left&#8221; border_style=&#8221;solid&#8221; saved_tabs=&#8221;all&#8221;]<\/p>\n<p>&nbsp;<\/p>\n<p><span style=\"color: #000000;\">A \u2018lista\u2019 dos essenciais b\u00e1sicos da vida consegue ser bastante extensa, mas h\u00e1 alguns que definitivamente n\u00e3o podem ser eliminados devido \u00e0 sua natureza, temos aqui a Paz e o Descanso.<\/span><\/p>\n<p>&nbsp;<\/p>\n<p><span style=\"color: #000000;\">Interessante de notar quem \u00e9 que d\u00e1 a Paz e o Descanso. Qual \u00e9 a sua fonte? Tem algum custo ou \u00e9 gratuito? Vejamos a escritura B\u00edblica abaixo:<\/span><\/p>\n<p>&nbsp;<\/p>\n<p style=\"text-align: center;\"><span style=\"color: #0000ff;\"><em>E o Senhor lhes deu <strong>descanso<\/strong> <strong>de todos os lados<\/strong> \u2026 de todos os seus inimigos .. <sup>1<\/sup><\/em><\/span><\/p>\n<p style=\"text-align: center;\"><span style=\"color: #0000ff;\"><em>\u00a0<\/em><\/span><\/p>\n<p style=\"text-align: center;\"><span style=\"color: #0000ff;\"><em>Eis que te nascer\u00e1 um filho, que ser\u00e1 homem de repouso; porque lhe darei repouso de todos os seus inimigos ao redor; portanto Salom\u00e3o ser\u00e1 o seu nome, e eu darei <strong>paz e descanso<\/strong> a Israel nos seus dias.\u00a0 \u00a0Ele edificar\u00e1 uma casa ao meu nome.\u00a0<sup>2<\/sup><\/em><\/span><\/p>\n<p><span style=\"color: #000000;\"><em>\u00a0<\/em><\/span><\/p>\n<p><span style=\"color: #000000;\">Pelo texto acima percebemos quem \u00e9 que d\u00e1 <strong>a paz e o descanso, \u00e9 DEUS<\/strong>. Foi necess\u00e1rio aqui um novo governo, que foi sucedido de outro que enfrentou os inimigos e libertou o terreno dos opressores. Para o rei Salom\u00e3o poder edificar uma casa ao Senhor, precisou de paz e descanso de todos os lados no seu reino.<\/span><\/p>\n<p>&nbsp;<\/p>\n<p><span style=\"color: #000000;\">Vemos um outro governo de paz e descanso que excedeu este e que foi estabelecido para sempre:<\/span><\/p>\n<p>&nbsp;<\/p>\n<p style=\"text-align: center;\"><span style=\"color: #000000;\"><em><span style=\"color: #0000ff;\">Porque um menino nos nasceu, um filho se nos deu; e o governo estar\u00e1 sobre os seus ombros; e o seu nome ser\u00e1: Maravilhoso, Conselheiro, Deus Forte, Pai Eterno, Pr\u00edncipe da Paz..Do aumento do seu governo e da paz n\u00e3o haver\u00e1 fim.<sup>3 <\/sup>\u00a0\u00a0\u00a0 \u00a0\u00a0\u00a0<\/span><\/em><\/span><\/p>\n<p>&nbsp;<\/p>\n<p><span style=\"color: #000000;\">A primeira casa que foi edificada ao Senhor, o Templo de Salom\u00e3o, n\u00e3o durou para sempre, acabou sendo destru\u00eddo. A \u2018segunda casa\u2019, conforme Jesus disse<em>: <\/em><em>\u201cDestruirei este templo feito por m\u00e3os humanas e em tr\u00eas dias construirei outro, n\u00e3o feito por m\u00e3os de homens\u201d. <sup>4\u00a0\u00a0\u00a0\u00a0 <\/sup><\/em>Ele foi crucificado e ressuscitou ao terceiro dia &#8230; este governo de paz foi estabelecido para todo o sempre pelo Pr\u00edncipe da Paz, Jesus Cristo o Messias.<\/span><\/p>\n<p>&nbsp;<\/p>\n<p><span style=\"color: #000000;\">Sentes-te debaixo de ataque de v\u00e1rios lados? <strong>Deus deseja te dar paz e descanso de todos os lados. <\/strong> Tanto que, para ires em frente e desempenhares aquilo que Deus tenha colocado no teu cora\u00e7\u00e3o, precisas de paz e descanso. O custo nisto requer a tua rendi\u00e7\u00e3o ao Senhorio de Jesus Cristo quer da tua vida quer do teu \u2018terreno\u2019 a Ele. Confia a Jesus todas as etapas da tua vida, teus relacionamentos, tua sa\u00fade, cada circunstancia.<\/span><\/p>\n<p>&nbsp;<\/p>\n<p><span style=\"color: #000000;\">Vence os gigantes da terra, os desafios que se levantam contra ti no nome de Jesus e recebe a Paz e o Descanso que Deus te d\u00e1 atrav\u00e9s de Jesus pelo seu Esp\u00edrito Santo.<\/span><\/p>\n<p>&nbsp;<\/p>\n<p style=\"text-align: center;\"><span style=\"color: #0000ff;\"><em>O Esp\u00edrito do Senhor lhes deu descanso.\u00a0<sup>5\u00a0\u00a0\u00a0\u00a0\u00a0\u00a0\u00a0\u00a0\u00a0\u00a0\u00a0\u00a0 <\/sup><\/em><\/span><\/p>\n<p style=\"text-align: center;\"><span style=\"color: #0000ff;\"><em>\u00a0<\/em><\/span><\/p>\n<p style=\"text-align: center;\"><span style=\"color: #0000ff;\"><em>Portanto, fa\u00e7amos tudo para receber esse descanso, <\/em><\/span><\/p>\n<p style=\"text-align: center;\"><span style=\"color: #0000ff;\"><em>e assim nenhum de n\u00f3s deixar\u00e1 de receb\u00ea-lo. <sup>6\u00a0\u00a0\u00a0\u00a0\u00a0\u00a0\u00a0\u00a0\u00a0\u00a0\u00a0\u00a0\u00a0\u00a0\u00a0\u00a0\u00a0\u00a0\u00a0\u00a0\u00a0\u00a0\u00a0\u00a0 <\/sup><\/em><\/span><\/p>\n<p>&nbsp;<\/p>\n<p><span style=\"color: #000000;\"><span style=\"color: #ff6600;\">Ora\u00e7\u00e3o:<\/span><em><span style=\"color: #ff6600;\"> Senhor Deus, venho te pedir que pelo teu Esp\u00edrito Santo venhas me dar paz e descanso de todos os lados. Eu rendo o meu ser a Ti, todas as \u00e1reas do meu viver, o meu territ\u00f3rio, vem estabelecer o teu governo, que eu seja um santu\u00e1rio de adora\u00e7\u00e3o e servi\u00e7o ao Teu Nome, em nome de Jesus, \u00c1men.<\/span> <\/em><\/span><\/p>\n<p>&nbsp;<\/p>\n<p><span style=\"color: #000000;\"><sup>1<\/sup>Josu\u00e9 21: 44 NVI\/ AA; <sup>2<\/sup> I Cr\u00f3nicas 22: 9,10; <sup>3<\/sup>Isa\u00edas 9:6,7; <sup>4<\/sup> Marcos 14:58; <sup>5<\/sup>\u00a0Isa\u00edas 63:14b AA; <sup>6<\/sup>Hebreus 4:11 NTLH<\/span><\/p>\n<p>[\/et_pb_text][et_pb_text _builder_version=&#8221;3.0.59&#8243; background_layout=&#8221;light&#8221; text_orientation=&#8221;center&#8221; border_style=&#8221;solid&#8221; saved_tabs=&#8221;all&#8221;]<\/p>\n<p style=\"text-align: center;\"><span style=\"color: #000000;\">Medita na Gra\u00e7a de Deus &#8211; Am\u00e9lia Moinheiro<\/span><\/p>\n<p>[\/et_pb_text][\/et_pb_column][\/et_pb_row][\/et_pb_section]<\/p>\n","protected":false},"excerpt":{"rendered":"<p><div class=\"et_pb_row et_pb_row_0 et_pb_row_empty\">\n\t\t\t\t\n\t\t\t\t\n\t\t\t\t\n\t\t\t\t\n\t\t\t\t\n\t\t\t<\/div> MEDITA\u00c7\u00d5ES DA GRA\u00c7A DE DEUS PAZ E DESCANSO &nbsp; A \u2018lista\u2019 dos essenciais b\u00e1sicos da vida consegue ser bastante extensa, mas h\u00e1 alguns que definitivamente n\u00e3o podem ser eliminados devido \u00e0 sua natureza, temos aqui a Paz e o Descanso. &nbsp; Interessante de notar quem \u00e9 que d\u00e1 a Paz e o Descanso. Qual [&hellip;]<\/p>\n","protected":false},"author":4,"featured_media":0,"comment_status":"open","ping_status":"open","sticky":false,"template":"","format":"standard","meta":{"_et_pb_use_builder":"on","_et_pb_old_content":"","_et_gb_content_width":"","footnotes":""},"categories":[28,35],"tags":[],"class_list":["post-1038","post","type-post","status-publish","format-standard","hentry","category-relacionamentos-e-a-paz","category-repouso"],"_links":{"self":[{"href":"https:\/\/meditacoes-da-graca.com\/index.php\/wp-json\/wp\/v2\/posts\/1038","targetHints":{"allow":["GET"]}}],"collection":[{"href":"https:\/\/meditacoes-da-graca.com\/index.php\/wp-json\/wp\/v2\/posts"}],"about":[{"href":"https:\/\/meditacoes-da-graca.com\/index.php\/wp-json\/wp\/v2\/types\/post"}],"author":[{"embeddable":true,"href":"https:\/\/meditacoes-da-graca.com\/index.php\/wp-json\/wp\/v2\/users\/4"}],"replies":[{"embeddable":true,"href":"https:\/\/meditacoes-da-graca.com\/index.php\/wp-json\/wp\/v2\/comments?post=1038"}],"version-history":[{"count":2,"href":"https:\/\/meditacoes-da-graca.com\/index.php\/wp-json\/wp\/v2\/posts\/1038\/revisions"}],"predecessor-version":[{"id":1040,"href":"https:\/\/meditacoes-da-graca.com\/index.php\/wp-json\/wp\/v2\/posts\/1038\/revisions\/1040"}],"wp:attachment":[{"href":"https:\/\/meditacoes-da-graca.com\/index.php\/wp-json\/wp\/v2\/media?parent=1038"}],"wp:term":[{"taxonomy":"category","embeddable":true,"href":"https:\/\/meditacoes-da-graca.com\/index.php\/wp-json\/wp\/v2\/categories?post=1038"},{"taxonomy":"post_tag","embeddable":true,"href":"https:\/\/meditacoes-da-graca.com\/index.php\/wp-json\/wp\/v2\/tags?post=1038"}],"curies":[{"name":"wp","href":"https:\/\/api.w.org\/{rel}","templated":true}]}}