{"id":1030,"date":"2018-02-12T16:36:16","date_gmt":"2018-02-12T14:36:16","guid":{"rendered":"http:\/\/meditacoes-da-graca.com\/?p=1030"},"modified":"2018-02-12T16:36:16","modified_gmt":"2018-02-12T14:36:16","slug":"pensamentos-do-dia-paz","status":"publish","type":"post","link":"https:\/\/meditacoes-da-graca.com\/index.php\/2018\/02\/12\/pensamentos-do-dia-paz\/","title":{"rendered":"PENSAMENTOS DO DIA&#8230;Paz"},"content":{"rendered":"<p>[et_pb_section bb_built=&#8221;1&#8243;][et_pb_row][et_pb_column type=&#8221;4_4&#8243;][et_pb_text _builder_version=&#8221;3.0.59&#8243; background_layout=&#8221;light&#8221; text_orientation=&#8221;center&#8221; border_style=&#8221;solid&#8221; saved_tabs=&#8221;all&#8221;]<\/p>\n<h2><span style=\"color: #ff6600;\">MEDITA\u00c7\u00d5ES DA GRA\u00c7A DE DEUS<\/span><\/h2>\n<h2>PENSAMENTOS DO DIA &#8230; Paz<\/h2>\n<p>[\/et_pb_text][et_pb_text _builder_version=&#8221;3.0.59&#8243; background_layout=&#8221;light&#8221; text_orientation=&#8221;center&#8221; border_style=&#8221;solid&#8221; saved_tabs=&#8221;all&#8221;]<\/p>\n<h2 style=\"text-align: center;\"><span style=\"color: #000000;\">\u00a0<\/span><\/h2>\n<p style=\"text-align: center;\"><span style=\"color: #000000;\">N\u00e3o permitas que a tua PAZ te seja tirada. Sejam quais forem as circunstancias,<\/span><\/p>\n<p style=\"text-align: center;\"><span style=\"color: #000000;\">a Paz que Jesus te d\u00e1, \u00e9 proveniente da sua fonte \u2018Jesus\u2019, a abund\u00e2ncia<\/span><\/p>\n<p style=\"text-align: center;\"><span style=\"color: #000000;\">de tudo aquilo de que careces&#8230;<\/span><\/p>\n<p style=\"text-align: center;\">\n<p style=\"text-align: center;\">\n<p style=\"text-align: center;\"><span style=\"color: #0000ff;\"><em>Deixo a paz convosco; <strong>a minha (pr\u00f3pria) paz eu agora dou<\/strong>, eu a entrego a v\u00f3s. N\u00e3o a dou como o mundo a d\u00e1 a v\u00f3s. N\u00e3o deixem que o vosso cora\u00e7\u00e3o seja perturbado, nem deixem que fique atemorizado. [Parem de permitir de ficarem agitados e perturbados; e n\u00e3o permitem que fiquem com temor e intimidados e cobardes e desaquietados.] <\/em><em>Jo\u00e3o 14:27 AMPC*<\/em><\/span><\/p>\n<p style=\"text-align: center;\"><span style=\"color: #000000;\"><em>\u00a0<\/em><\/span><\/p>\n<p style=\"text-align: center;\"><span style=\"color: #000000;\"><em>\u00a0<\/em><\/span><\/p>\n<p style=\"text-align: center;\"><span style=\"color: #000000;\">Ansiedade \u00e9 geralmente o resultado de preocupa\u00e7\u00e3o. A melhor forma de lidar com ansiedade \u00e9 entregares as tuas preocupa\u00e7\u00f5es a Deus assim como as tuas peti\u00e7\u00f5es.<\/span><\/p>\n<p style=\"text-align: center;\"><span style=\"color: #000000;\"><em>\u00a0<\/em><\/span><\/p>\n<p style=\"text-align: center;\"><span style=\"color: #000000;\"><em>\u00a0<\/em><\/span><\/p>\n<p style=\"text-align: center;\"><span style=\"color: #000000;\"><em><span style=\"color: #0000ff;\">N\u00e3o se preocupem nem tenham qualquer ansiedade por coisa alguma, mas em cada circunstancia e em tudo, <strong>atrav\u00e9s da ora\u00e7\u00e3o e peti\u00e7\u00e3o<\/strong> (pedidos espec\u00edficos), com a\u00e7\u00e3o de gra\u00e7as, continuem a fazer conhecido a Deus aquilo que querem. <\/span><\/em><\/span><\/p>\n<p style=\"text-align: center;\"><span style=\"color: #0000ff;\"><em>Filipenses 4:6 AMPC*<\/em><\/span><\/p>\n<p style=\"text-align: center;\"><span style=\"color: #000000;\"><em>\u00a0<\/em><\/span><\/p>\n<p style=\"text-align: center;\"><span style=\"color: #000000;\"><em>\u00a0<\/em><\/span><\/p>\n<p style=\"text-align: center;\"><span style=\"color: #000000;\">A paz que Deus te d\u00e1, mediante a ora\u00e7\u00e3o e a medita\u00e7\u00e3o da sua Palavra, \u00e9 de tal modo, que a mesma forma uma guarni\u00e7\u00e3o em volta do teu cora\u00e7\u00e3o e mente guardando as tuas emo\u00e7\u00f5es e pensamentos em paz.<\/span><\/p>\n<p style=\"text-align: center;\"><span style=\"color: #000000;\"><em>\u00a0<\/em><\/span><\/p>\n<p style=\"text-align: center;\"><span style=\"color: #000000;\"><em>\u00a0<\/em><\/span><\/p>\n<p style=\"text-align: center;\"><span style=\"color: #0000ff;\"><em>E a Paz de Deus [ser\u00e1 vossa, aquele estado tranquilo da alma certo da vossa salva\u00e7\u00e3o atrav\u00e9s de Cristo, e portanto n\u00e3o temendo nada de Deus e estando contentados com a vossa por\u00e7\u00e3o terrestre seja ela qual for, aquela paz] que transcende todo o entendimento ir\u00e1 formar guarni\u00e7\u00e3o e guarda sobre os vossos cora\u00e7\u00f5es e mentes em Cristo Jesus. <\/em><em>Filipenses 4:7 AMPC*<\/em><\/span><\/p>\n<p style=\"text-align: center;\"><span style=\"color: #0000ff;\"><em>(Tradu\u00e7\u00e3o Inglesa Vers\u00e3o Amplificada AMPC)<\/em><\/span><\/p>\n<p>&nbsp;<\/p>\n<p><span style=\"color: #ff6600;\">Ora\u00e7\u00e3o:<em> Senhor Deus, eu trago todas as minhas preocupa\u00e7\u00f5es e ansiedades a Ti. Vem me mostrar o que devo fazer, vem pelo teu Esp\u00edrito Santo trazer a provis\u00e3o, o discernimento a dire\u00e7\u00e3o que necessito para esta situa\u00e7\u00e3o. Eu oro para que a tua Paz forme guarni\u00e7\u00e3o em volta de todo o meu ser mantendo-me sereno e confiante no teu poder, em nome de Jesus, \u00c1men! <\/em><\/span><\/p>\n<p>[\/et_pb_text][et_pb_text _builder_version=&#8221;3.0.59&#8243; background_layout=&#8221;light&#8221; text_orientation=&#8221;center&#8221; border_style=&#8221;solid&#8221; saved_tabs=&#8221;all&#8221;]<\/p>\n<p style=\"text-align: center;\"><span style=\"color: #000000;\">Medita na Gra\u00e7a de Deus &#8211; Am\u00e9lia Moinheiro<\/span><\/p>\n<p>[\/et_pb_text][\/et_pb_column][\/et_pb_row][\/et_pb_section]<\/p>\n","protected":false},"excerpt":{"rendered":"<p><div class=\"et_pb_row et_pb_row_0 et_pb_row_empty\">\n\t\t\t\t\n\t\t\t\t\n\t\t\t\t\n\t\t\t\t\n\t\t\t\t\n\t\t\t<\/div> MEDITA\u00c7\u00d5ES DA GRA\u00c7A DE DEUS PENSAMENTOS DO DIA &#8230; Paz \u00a0 N\u00e3o permitas que a tua PAZ te seja tirada. Sejam quais forem as circunstancias, a Paz que Jesus te d\u00e1, \u00e9 proveniente da sua fonte \u2018Jesus\u2019, a abund\u00e2ncia de tudo aquilo de que careces&#8230; Deixo a paz convosco; a minha (pr\u00f3pria) paz eu [&hellip;]<\/p>\n","protected":false},"author":4,"featured_media":0,"comment_status":"open","ping_status":"open","sticky":false,"template":"","format":"standard","meta":{"_et_pb_use_builder":"on","_et_pb_old_content":"","_et_gb_content_width":"","footnotes":""},"categories":[40],"tags":[],"class_list":["post-1030","post","type-post","status-publish","format-standard","hentry","category-pensamentos-do-dia"],"_links":{"self":[{"href":"https:\/\/meditacoes-da-graca.com\/index.php\/wp-json\/wp\/v2\/posts\/1030","targetHints":{"allow":["GET"]}}],"collection":[{"href":"https:\/\/meditacoes-da-graca.com\/index.php\/wp-json\/wp\/v2\/posts"}],"about":[{"href":"https:\/\/meditacoes-da-graca.com\/index.php\/wp-json\/wp\/v2\/types\/post"}],"author":[{"embeddable":true,"href":"https:\/\/meditacoes-da-graca.com\/index.php\/wp-json\/wp\/v2\/users\/4"}],"replies":[{"embeddable":true,"href":"https:\/\/meditacoes-da-graca.com\/index.php\/wp-json\/wp\/v2\/comments?post=1030"}],"version-history":[{"count":1,"href":"https:\/\/meditacoes-da-graca.com\/index.php\/wp-json\/wp\/v2\/posts\/1030\/revisions"}],"predecessor-version":[{"id":1031,"href":"https:\/\/meditacoes-da-graca.com\/index.php\/wp-json\/wp\/v2\/posts\/1030\/revisions\/1031"}],"wp:attachment":[{"href":"https:\/\/meditacoes-da-graca.com\/index.php\/wp-json\/wp\/v2\/media?parent=1030"}],"wp:term":[{"taxonomy":"category","embeddable":true,"href":"https:\/\/meditacoes-da-graca.com\/index.php\/wp-json\/wp\/v2\/categories?post=1030"},{"taxonomy":"post_tag","embeddable":true,"href":"https:\/\/meditacoes-da-graca.com\/index.php\/wp-json\/wp\/v2\/tags?post=1030"}],"curies":[{"name":"wp","href":"https:\/\/api.w.org\/{rel}","templated":true}]}}